{"id":306499,"date":"2025-04-24T13:25:19","date_gmt":"2025-04-24T11:25:19","guid":{"rendered":"https:\/\/alicanteturismo.com\/?post_type=noticias&#038;p=306499"},"modified":"2025-04-24T13:27:50","modified_gmt":"2025-04-24T11:27:50","slug":"alicante-registra-en-semana-santa-el-95-de-ocupacion-en-hoteles-y-bloques-de-apartamentos","status":"publish","type":"noticias","link":"https:\/\/alicanteturismo.com\/fr\/noticias\/alicante-registra-en-semana-santa-el-95-de-ocupacion-en-hoteles-y-bloques-de-apartamentos\/","title":{"rendered":"Alicante registra en Semana Santa el 95% de ocupaci\u00f3n en hoteles y bloques de apartamentos"},"content":{"rendered":"\n<p class=\"has-text-align-center\">Poquet destaca que \u201clas cifras de Semana Santa son muy buenas como lo han sido los \u00faltimos meses que nos permiten decir que la temporada baja ya no existe\u00a0\u00bb<\/p>\n\n\n\n<p><strong>Alicante, 23 de abril de 2025<\/strong>. Alicante ha registrado un lleno esta Semana Santa con el <strong>95% <\/strong>de ocupaci\u00f3n en hoteles y bloques de apartamentos de la ciudad, seg\u00fan los datos de la <strong>Asociaci\u00f3n Provincial de Hoteles <\/strong>APHA que este mi\u00e9rcoles ha valorado la concejala de Turismo, <strong>Ana Poquet<\/strong>.<\/p>\n\n\n\n<p>La edil ha destacado que \u201clas cifras de Semana Santa son muy buenas como lo han sido los \u00faltimos meses que nos permiten decir que la temporada baja ya no existe y nos hacen anticipar un verano con grandes datos para el sector y para la ciudad\u201d.<\/p>\n\n\n\n<p>Adem\u00e1s, Poquet ha se\u00f1alado que el mes de mayo empezar\u00e1 \u201ctambi\u00e9n seguro de forma muy positiva al ser el d\u00eda 1 jueves fiesta nacional y la Santa Faz y el 2 viernes festivo en Madrid, con lo que se prev\u00e9 un puente en el que esperamos la llegada de miles de madrile\u00f1os\u201d.<\/p>\n\n\n\n<p>Las calles de Alicante se han llenado para disfrutar de una <strong>Semana Santa<\/strong> declarada de <strong>Inter\u00e9s Tur\u00edstico Nacional<\/strong> que la climatolog\u00eda ha respetado y que para el sector hostelero tambi\u00e9n ha resultado \u201cexcepcional\u201d, seg\u00fan han trasladado desde las asociaciones.<\/p>\n\n\n\n<p>Por otra parte, desde el pasado 19 de abril y hasta el pr\u00f3ximo s\u00e1bado 26 han llegado <strong>seis cruceros<\/strong> a Alicante con m\u00e1s de <strong>11.200 personas<\/strong> a bordo en un mes en el que ha arrancado la <strong>temporada alta<\/strong> para este segmento tur\u00edstico. El s\u00e1bado se producir\u00e1 una <strong>doble escala<\/strong>, una de ellas considerada <strong>hist\u00f3rica <\/strong>por la Asociaci\u00f3n Alicante Costa Blanca por el Turismo de Cruceros, la del barco norteamericano de lujo Scenic Eclipse, de Scenic Cruises. Coincidir\u00e1 con el tambi\u00e9n estadounidense Zuiderman, de la compa\u00f1\u00eda Holland America.<\/p>\n","protected":false},"featured_media":306501,"template":"","meta":{"_acf_changed":false},"categoria-de-noticia":[100,110,109,114],"class_list":["post-306499","noticias","type-noticias","status-publish","has-post-thumbnail","hentry","categoria-de-noticia-accesibilidad","categoria-de-noticia-castillo-de-santa-barbara","categoria-de-noticia-cultura-y-ocio","categoria-de-noticia-monumentos"],"acf":[],"_links":{"self":[{"href":"https:\/\/alicanteturismo.com\/fr\/wp-json\/wp\/v2\/noticias\/306499","targetHints":{"allow":["GET"]}}],"collection":[{"href":"https:\/\/alicanteturismo.com\/fr\/wp-json\/wp\/v2\/noticias"}],"about":[{"href":"https:\/\/alicanteturismo.com\/fr\/wp-json\/wp\/v2\/types\/noticias"}],"version-history":[{"count":0,"href":"https:\/\/alicanteturismo.com\/fr\/wp-json\/wp\/v2\/noticias\/306499\/revisions"}],"wp:featuredmedia":[{"embeddable":true,"href":"https:\/\/alicanteturismo.com\/fr\/wp-json\/wp\/v2\/media\/306501"}],"wp:attachment":[{"href":"https:\/\/alicanteturismo.com\/fr\/wp-json\/wp\/v2\/media?parent=306499"}],"wp:term":[{"taxonomy":"categoria-de-noticia","embeddable":true,"href":"https:\/\/alicanteturismo.com\/fr\/wp-json\/wp\/v2\/categoria-de-noticia?post=306499"}],"curies":[{"name":"wp","href":"https:\/\/api.w.org\/{rel}","templated":true}]}}