{"id":266501,"date":"2024-05-16T14:11:45","date_gmt":"2024-05-16T12:11:45","guid":{"rendered":"https:\/\/alicanteturismo.com\/?p=264176"},"modified":"2024-10-16T17:04:00","modified_gmt":"2024-10-16T15:04:00","slug":"un-articulo-sobre-hogueras-y-turismo-gana-el-i-premio-de-periodismo-turistico-de-alicante","status":"publish","type":"noticias","link":"https:\/\/alicanteturismo.com\/fr\/noticias\/un-articulo-sobre-hogueras-y-turismo-gana-el-i-premio-de-periodismo-turistico-de-alicante\/","title":{"rendered":"Un art\u00edculo sobre Hogueras y turismo gana el I Premio de Periodismo Tur\u00edstico de Alicante"},"content":{"rendered":"<p style=\"text-align: center;\">Barcala se\u00f1ala la importancia de \u201cla labor de promoci\u00f3n tur\u00edstica a trav\u00e9s de los medios de comunicaci\u00f3n porque <strong>la imagen<\/strong> que se proyecta de la ciudad a nivel nacional e internacional <strong>es fundamental<\/strong>\u201d<\/p>\n<p><strong>Alicante, 16 de mayo de 2024.<\/strong> Un <strong>art\u00edculo<\/strong> sobre Hogueras y turismo de Alex Guill\u00e9n <strong>ha ganado<\/strong> el I Premio de Periodismo Tur\u00edstico de Alicante que el alcalde, Luis Barcala, ha entregado este jueves en el Palacio de El Portalet, junto a la concejala de Turismo, Ana Poquet, los miembros del jurado y representantes del sector tur\u00edstico de la ciudad.<\/p>\n<p>El premio, impulsado por el Patronato de Turismo Alicante City&amp;Beach en colaboraci\u00f3n con la Asociaci\u00f3n de Periodistas de la Provincia de Alicante (APPA), tiene <strong>como objetivo incentivar y promover la divulgaci\u00f3n de la realidad tur\u00edstica de Alicante<\/strong> tanto a nivel nacional como internacional.<\/p>\n<p>El alcalde ha se\u00f1alado la <strong>importancia<\/strong> de \u201cla labor de promoci\u00f3n tur\u00edstica de la ciudad de Alicante <strong>a trav\u00e9s de los medios de comunicaci\u00f3n<\/strong> porque la imagen que se proyecta a nivel nacional e internacional es fundamental\u201d. \u201cAspiramos a que Alicante sea un destino integral gracias a la diversificaci\u00f3n de la oferta tur\u00edstica porque junto al sol, la playa y el clima que llevamos de f\u00e1brica, tambi\u00e9n <strong>somos fuertes<\/strong> en segmentos como el turismo gastron\u00f3mico, familiar, deportivo, cultural y de ocio\u201d, ha explicado Barcala.<\/p>\n<p>Al I Premio de Periodismo Tur\u00edstico de Alicante se pod\u00edan presentar trabajos period\u00edsticos en el sector tur\u00edstico nacionales e internacionales tanto en prensa escrita, como radio y medios audiovisuales publicados a lo largo de 2023.<\/p>\n<p>El <strong>primer premio<\/strong>, dotado con 1.500 euros y una placa conmemorativa, ha <strong>reca\u00eddo<\/strong> en el art\u00edculo \u201cCuando el turismo invent\u00f3 las Hogueras\u201d, escrito por Alex Guill\u00e9n y publicado en la Hoja del Lunes. Por su parte, el acc\u00e9sit ha sido para Mar\u00eda Ramis por el reportaje \u00ab\u00a0Los guerreros de Xian, eternos secretos en terracota\u00a0\u00bb, publicado en la revista cultural Makma. Poquet le <strong>ha entregado<\/strong> un cheque con los 750 euros del premio y otra placa.<\/p>\n<p>Poquet ha destacado que \u201cel premio ha tenido<strong> mucha aceptaci\u00f3n<\/strong> y reconoce la labor que realizan los medios de comunicaci\u00f3n para promocionar nuestra ciudad y para el buen funcionamiento del sector tur\u00edstico\u201d.<\/p>\n<p>Un jurado compuesto por siete personas ha decidido sobre el material recibido, una docena de trabajos realizados por periodistas de medios locales, nacionales e internacionales. La mayor\u00eda medios generalistas pero tambi\u00e9n sectoriales de turismo, cultura o deportes.<\/p>\n<p><img fetchpriority=\"high\" decoding=\"async\" class=\"alignnone size-full wp-image-264185\" src=\"https:\/\/alicanteturismo.com\/wp-content\/uploads\/2024\/09\/CON-EL-SECTOR.jpg\" alt=\"\" width=\"1915\" height=\"1016\" \/><\/p>\n\n\n<p><\/p>\n","protected":false},"featured_media":264177,"template":"","meta":{"_acf_changed":false},"categoria-de-noticia":[153],"class_list":["post-266501","noticias","type-noticias","status-publish","has-post-thumbnail","hentry","categoria-de-noticia-notas-de-prensa"],"acf":[],"_links":{"self":[{"href":"https:\/\/alicanteturismo.com\/fr\/wp-json\/wp\/v2\/noticias\/266501","targetHints":{"allow":["GET"]}}],"collection":[{"href":"https:\/\/alicanteturismo.com\/fr\/wp-json\/wp\/v2\/noticias"}],"about":[{"href":"https:\/\/alicanteturismo.com\/fr\/wp-json\/wp\/v2\/types\/noticias"}],"version-history":[{"count":0,"href":"https:\/\/alicanteturismo.com\/fr\/wp-json\/wp\/v2\/noticias\/266501\/revisions"}],"wp:featuredmedia":[{"embeddable":true,"href":"https:\/\/alicanteturismo.com\/fr\/wp-json\/wp\/v2\/media\/264177"}],"wp:attachment":[{"href":"https:\/\/alicanteturismo.com\/fr\/wp-json\/wp\/v2\/media?parent=266501"}],"wp:term":[{"taxonomy":"categoria-de-noticia","embeddable":true,"href":"https:\/\/alicanteturismo.com\/fr\/wp-json\/wp\/v2\/categoria-de-noticia?post=266501"}],"curies":[{"name":"wp","href":"https:\/\/api.w.org\/{rel}","templated":true}]}}