{"id":262791,"date":"2024-04-03T09:57:24","date_gmt":"2024-04-03T07:57:24","guid":{"rendered":"https:\/\/alicanteturismo.com\/?p=262791"},"modified":"2024-10-16T17:11:10","modified_gmt":"2024-10-16T15:11:10","slug":"poquet-destaca-los-buenos-datos-de-la-ocupacion-esta-semana-santa-en-alicante-que-han-superado-el-80","status":"publish","type":"noticias","link":"https:\/\/alicanteturismo.com\/fr\/noticias\/poquet-destaca-los-buenos-datos-de-la-ocupacion-esta-semana-santa-en-alicante-que-han-superado-el-80\/","title":{"rendered":"Poquet destaca los \u201cbuenos datos de la ocupaci\u00f3n esta Semana Santa en Alicante, que han superado el 80%\u201d"},"content":{"rendered":"<p style=\"text-align: center;\">La concejal de Turismo se\u00f1ala que \u201cpese a la incertidumbre vivida con la climatolog\u00eda hemos podido disfrutar de la mayor parte de las procesiones con las calles llenas\u201d<\/p>\n<p><strong>Alicante, 2 de abril de 2024.\u00a0<\/strong>La concejala de Turismo, Ana Poquet, ha destacado este martes los \u201cbuenos datos de la ocupaci\u00f3n esta Semana Santa en Alicante, que se han situado por encima del 80%, superando las expectativas\u201d, seg\u00fan ha informado la Asociaci\u00f3n Provincial de Hoteles de Alicante, APHA.<\/p>\n<p>Poquet ha se\u00f1alado que \u201cpese a la incertidumbre vivida con la climatolog\u00eda hemos podido disfrutar de la mayor parte de las procesiones con las calles llenas\u201d.<\/p>\n<p>De hecho, el factor meteorol\u00f3gico ha sido clave estos d\u00edas con la mayor parte de Espa\u00f1a afectada por la borrasca Nelson, que han dejado lluvias y viento en casi todo el pa\u00eds, pero que en Alicante ha llegado m\u00e1s debilitado afectando al Lunes Santo y al Domingo de Resurrecci\u00f3n.<\/p>\n<p>En este sentido, Poquet ha se\u00f1alado que \u201cel problema de la cancelaci\u00f3n de reservas y el par\u00f3n de la \u00faltima hora que ha sido pr\u00e1cticamente generalizado este a\u00f1o aqu\u00ed no nos ha afectado\u201d.<\/p>\n<p>Adem\u00e1s, Alicante seguir\u00e1 esta l\u00ednea la semana que viene con el desembarco de m\u00e1s de 9.000 cruceristas que llegar\u00e1n en una doble escala el pr\u00f3ximo martes 9 y otros dos barcos el d\u00eda 10 y el 13 de abril.<\/p>\n<p>Por otra parte, la edil ha adelantado que \u201cde cara al Puente de Mayo y al pr\u00f3ximo verano las expectativas son inmejorables en cuanto a visitantes\u201d, seg\u00fan trasladan desde el sector de los alojamientos las asociaciones APHA y Abatur.<\/p>\n","protected":false},"featured_media":262792,"template":"","meta":{"_acf_changed":false},"categoria-de-noticia":[121,153],"class_list":["post-262791","noticias","type-noticias","status-publish","has-post-thumbnail","hentry","categoria-de-noticia-destacados","categoria-de-noticia-notas-de-prensa"],"acf":[],"_links":{"self":[{"href":"https:\/\/alicanteturismo.com\/fr\/wp-json\/wp\/v2\/noticias\/262791","targetHints":{"allow":["GET"]}}],"collection":[{"href":"https:\/\/alicanteturismo.com\/fr\/wp-json\/wp\/v2\/noticias"}],"about":[{"href":"https:\/\/alicanteturismo.com\/fr\/wp-json\/wp\/v2\/types\/noticias"}],"version-history":[{"count":0,"href":"https:\/\/alicanteturismo.com\/fr\/wp-json\/wp\/v2\/noticias\/262791\/revisions"}],"wp:featuredmedia":[{"embeddable":true,"href":"https:\/\/alicanteturismo.com\/fr\/wp-json\/wp\/v2\/media\/262792"}],"wp:attachment":[{"href":"https:\/\/alicanteturismo.com\/fr\/wp-json\/wp\/v2\/media?parent=262791"}],"wp:term":[{"taxonomy":"categoria-de-noticia","embeddable":true,"href":"https:\/\/alicanteturismo.com\/fr\/wp-json\/wp\/v2\/categoria-de-noticia?post=262791"}],"curies":[{"name":"wp","href":"https:\/\/api.w.org\/{rel}","templated":true}]}}