{"id":296929,"date":"2024-10-03T17:58:11","date_gmt":"2024-10-03T15:58:11","guid":{"rendered":"https:\/\/alicanteturismo.com\/summer-is-here-and-with-it-the-chance-to-enjoy-the-good-weather-on-alicantes-rooftops\/"},"modified":"2025-02-12T17:37:41","modified_gmt":"2025-02-12T16:37:41","slug":"summer-is-here-and-with-it-the-chance-to-enjoy-the-good-weather-on-alicantes-rooftops","status":"publish","type":"post","link":"https:\/\/alicanteturismo.com\/en\/summer-is-here-and-with-it-the-chance-to-enjoy-the-good-weather-on-alicantes-rooftops\/","title":{"rendered":"Summer is Here, and with It, the Pleasure of Enjoying Alicante\u2019s Rooftops"},"content":{"rendered":"\t\t<div data-elementor-type=\"wp-post\" data-elementor-id=\"296929\" class=\"elementor elementor-296929 elementor-277855\" data-elementor-post-type=\"post\">\n\t\t\t\t<div style=\"background-image: none;\" class=\"elementor-element elementor-element-be26096 e-con-full e-flex e-con e-parent\" data-id=\"be26096\" data-element_type=\"container\" data-e-type=\"container\" data-settings=\"{&quot;background_background&quot;:&quot;classic&quot;}\">\n\t\t\t\t<div class=\"elementor-element elementor-element-8221832 elementor-widget__width-inherit elementor-widget elementor-widget-heading\" data-id=\"8221832\" data-element_type=\"widget\" data-e-type=\"widget\" data-widget_type=\"heading.default\">\n\t\t\t\t<div class=\"elementor-widget-container\">\n\t\t\t\t\t<h1 class=\"elementor-heading-title elementor-size-default\">Alicante's rooftops<\/h1>\t\t\t\t<\/div>\n\t\t\t\t<\/div>\n\t\t\t\t<\/div>\n\t\t<div class=\"elementor-element elementor-element-1a4203c e-con-full e-flex e-con e-parent\" data-id=\"1a4203c\" data-element_type=\"container\" data-e-type=\"container\">\n\t\t\t\t<div class=\"elementor-element elementor-element-7f804a2 elementor-widget elementor-widget-heading\" data-id=\"7f804a2\" data-element_type=\"widget\" data-e-type=\"widget\" data-widget_type=\"heading.default\">\n\t\t\t\t<div class=\"elementor-widget-container\">\n\t\t\t\t\t<h1 class=\"elementor-heading-title elementor-size-default\">Summer is Here, and with It, the Pleasure of Enjoying Alicante\u2019s Rooftops<\/h1>\t\t\t\t<\/div>\n\t\t\t\t<\/div>\n\t\t\t\t<div class=\"elementor-element elementor-element-a0fe391 elementor-widget elementor-widget-post-info\" data-id=\"a0fe391\" data-element_type=\"widget\" data-e-type=\"widget\" data-widget_type=\"post-info.default\">\n\t\t\t\t<div class=\"elementor-widget-container\">\n\t\t\t\t\t\t\t<ul class=\"elementor-inline-items elementor-icon-list-items elementor-post-info\">\n\t\t\t\t\t\t\t\t<li class=\"elementor-icon-list-item elementor-repeater-item-7f911ae elementor-inline-item\" itemprop=\"datePublished\">\n\t\t\t\t\t\t\t\t\t\t<span class=\"elementor-icon-list-icon\">\n\t\t\t\t\t\t\t\t<svg aria-hidden=\"true\" class=\"e-font-icon-svg e-fas-calendar-alt\" viewBox=\"0 0 448 512\" xmlns=\"http:\/\/www.w3.org\/2000\/svg\"><path d=\"M0 464c0 26.5 21.5 48 48 48h352c26.5 0 48-21.5 48-48V192H0v272zm320-196c0-6.6 5.4-12 12-12h40c6.6 0 12 5.4 12 12v40c0 6.6-5.4 12-12 12h-40c-6.6 0-12-5.4-12-12v-40zm0 128c0-6.6 5.4-12 12-12h40c6.6 0 12 5.4 12 12v40c0 6.6-5.4 12-12 12h-40c-6.6 0-12-5.4-12-12v-40zM192 268c0-6.6 5.4-12 12-12h40c6.6 0 12 5.4 12 12v40c0 6.6-5.4 12-12 12h-40c-6.6 0-12-5.4-12-12v-40zm0 128c0-6.6 5.4-12 12-12h40c6.6 0 12 5.4 12 12v40c0 6.6-5.4 12-12 12h-40c-6.6 0-12-5.4-12-12v-40zM64 268c0-6.6 5.4-12 12-12h40c6.6 0 12 5.4 12 12v40c0 6.6-5.4 12-12 12H76c-6.6 0-12-5.4-12-12v-40zm0 128c0-6.6 5.4-12 12-12h40c6.6 0 12 5.4 12 12v40c0 6.6-5.4 12-12 12H76c-6.6 0-12-5.4-12-12v-40zM400 64h-48V16c0-8.8-7.2-16-16-16h-32c-8.8 0-16 7.2-16 16v48H160V16c0-8.8-7.2-16-16-16h-32c-8.8 0-16 7.2-16 16v48H48C21.5 64 0 85.5 0 112v48h448v-48c0-26.5-21.5-48-48-48z\"><\/path><\/svg>\t\t\t\t\t\t\t<\/span>\n\t\t\t\t\t\t\t\t\t<span class=\"elementor-icon-list-text elementor-post-info__item elementor-post-info__item--type-date\">\n\t\t\t\t\t\t\t\t\t\t<time>October 3, 2024<\/time>\t\t\t\t\t<\/span>\n\t\t\t\t\t\t\t\t<\/li>\n\t\t\t\t<\/ul>\n\t\t\t\t\t\t<\/div>\n\t\t\t\t<\/div>\n\t\t<div class=\"elementor-element elementor-element-4b81c98 e-con-full e-flex e-con e-child\" data-id=\"4b81c98\" data-element_type=\"container\" data-e-type=\"container\">\n\t\t\t\t<div class=\"elementor-element elementor-element-6ab7091 elementor-widget__width-inherit elementor-widget-tablet__width-inherit elementor-widget elementor-widget-text-editor\" data-id=\"6ab7091\" data-element_type=\"widget\" data-e-type=\"widget\" data-widget_type=\"text-editor.default\">\n\t\t\t\t<div class=\"elementor-widget-container\">\n\t\t\t\t\t\t\t\t\t<p>With the arrival of summer comes the irresistible opportunity to enjoy the <strong>unique experiences<\/strong> that the city of Alicante offers. And when it comes to unforgettable experiences, <strong>Alicante&#8217;s rooftops<\/strong> reign as undisputed protagonists.<\/p>\n<p>Impressive and emblematic places such as Santa Barbara Castle, the old town, Barrio de Santa Cruz, and San Juan Beach are some of the areas that can be appreciated from some of Alicante&#8217;s rooftops.<\/p>\n\t\t\t\t\t\t\t\t<\/div>\n\t\t\t\t<\/div>\n\t\t<div class=\"elementor-element elementor-element-2f1fd83 e-con-full e-flex e-con e-child\" data-id=\"2f1fd83\" data-element_type=\"container\" data-e-type=\"container\">\n\t\t\t\t<div class=\"elementor-element elementor-element-83f5c5d elementor-widget__width-inherit elementor-widget-tablet__width-inherit elementor-widget elementor-widget-image\" data-id=\"83f5c5d\" data-element_type=\"widget\" data-e-type=\"widget\" data-widget_type=\"image.default\">\n\t\t\t\t<div class=\"elementor-widget-container\">\n\t\t\t\t\t\t\t\t\t\t\t\t\t\t\t<img fetchpriority=\"high\" decoding=\"async\" width=\"1100\" height=\"734\" src=\"https:\/\/alicanteturismo.com\/wp-content\/uploads\/2024\/10\/Roof-Top-1.jpg\" class=\"attachment-full size-full wp-image-278122\" alt=\"\" srcset=\"https:\/\/alicanteturismo.com\/wp-content\/uploads\/2024\/10\/Roof-Top-1.jpg 1100w, https:\/\/alicanteturismo.com\/wp-content\/uploads\/2024\/10\/Roof-Top-1-300x200.jpg 300w, https:\/\/alicanteturismo.com\/wp-content\/uploads\/2024\/10\/Roof-Top-1-1024x683.jpg 1024w, https:\/\/alicanteturismo.com\/wp-content\/uploads\/2024\/10\/Roof-Top-1-768x512.jpg 768w, https:\/\/alicanteturismo.com\/wp-content\/uploads\/2024\/10\/Roof-Top-1-391x260.jpg 391w\" sizes=\"(max-width: 1100px) 100vw, 1100px\" \/>\t\t\t\t\t\t\t\t\t\t\t\t\t\t\t<\/div>\n\t\t\t\t<\/div>\n\t\t\t\t<div class=\"elementor-element elementor-element-ae48ec2 elementor-widget elementor-widget-text-editor\" data-id=\"ae48ec2\" data-element_type=\"widget\" data-e-type=\"widget\" data-widget_type=\"text-editor.default\">\n\t\t\t\t<div class=\"elementor-widget-container\">\n\t\t\t\t\t\t\t\t\t<p>Photo courtesy of Hotel Hospes Amerigo<\/p>\n\t\t\t\t\t\t\t\t<\/div>\n\t\t\t\t<\/div>\n\t\t\t\t<\/div>\n\t\t\t\t<\/div>\n\t\t<div class=\"elementor-element elementor-element-f49db20 e-con-full e-flex e-con e-child\" data-id=\"f49db20\" data-element_type=\"container\" data-e-type=\"container\">\n\t\t<div class=\"elementor-element elementor-element-9e9ce95 e-con-full e-flex e-con e-child\" data-id=\"9e9ce95\" data-element_type=\"container\" data-e-type=\"container\">\n\t\t\t\t<div class=\"elementor-element elementor-element-8489c7b elementor-widget__width-inherit elementor-widget-tablet__width-inherit elementor-widget elementor-widget-image\" data-id=\"8489c7b\" data-element_type=\"widget\" data-e-type=\"widget\" data-widget_type=\"image.default\">\n\t\t\t\t<div class=\"elementor-widget-container\">\n\t\t\t\t\t\t\t\t\t\t\t\t\t\t\t<img decoding=\"async\" width=\"800\" height=\"533\" src=\"https:\/\/alicanteturismo.com\/wp-content\/uploads\/2024\/10\/rooftop-1-scaled-1-1-1024x682.jpg\" class=\"attachment-large size-large wp-image-278127\" alt=\"\" srcset=\"https:\/\/alicanteturismo.com\/wp-content\/uploads\/2024\/10\/rooftop-1-scaled-1-1-1024x682.jpg 1024w, https:\/\/alicanteturismo.com\/wp-content\/uploads\/2024\/10\/rooftop-1-scaled-1-1-300x200.jpg 300w, https:\/\/alicanteturismo.com\/wp-content\/uploads\/2024\/10\/rooftop-1-scaled-1-1-768x512.jpg 768w, https:\/\/alicanteturismo.com\/wp-content\/uploads\/2024\/10\/rooftop-1-scaled-1-1-391x260.jpg 391w, https:\/\/alicanteturismo.com\/wp-content\/uploads\/2024\/10\/rooftop-1-scaled-1-1.jpg 1100w\" sizes=\"(max-width: 800px) 100vw, 800px\" \/>\t\t\t\t\t\t\t\t\t\t\t\t\t\t\t<\/div>\n\t\t\t\t<\/div>\n\t\t\t\t<div class=\"elementor-element elementor-element-a58aa97 elementor-widget elementor-widget-text-editor\" data-id=\"a58aa97\" data-element_type=\"widget\" data-e-type=\"widget\" data-widget_type=\"text-editor.default\">\n\t\t\t\t<div class=\"elementor-widget-container\">\n\t\t\t\t\t\t\t\t\t<p>Photo courtesy of Terraza La Milagrosa<\/p>\n\t\t\t\t\t\t\t\t<\/div>\n\t\t\t\t<\/div>\n\t\t\t\t<\/div>\n\t\t\t\t<div class=\"elementor-element elementor-element-c7bf836 elementor-widget__width-inherit elementor-widget-tablet__width-inherit elementor-widget elementor-widget-text-editor\" data-id=\"c7bf836\" data-element_type=\"widget\" data-e-type=\"widget\" data-widget_type=\"text-editor.default\">\n\t\t\t\t<div class=\"elementor-widget-container\">\n\t\t\t\t\t\t\t\t\t<p>These spaces, <strong>perched on the top floors of buildings,<\/strong> are designed to provide a one-of-a-kind outdoor experience. Whether it\u2019s a <strong>bar<\/strong>, a <strong>restaurant,<\/strong> or even a rooftop <strong>pool<\/strong> with lounge areas, they all share one thing in common: their <strong>elevated location,<\/strong> which offers stunning city views. Another advantage of their height is escaping the noise of the streets, creating a relaxed atmosphere, perfect for unwinding.<\/p>\n\t\t\t\t\t\t\t\t<\/div>\n\t\t\t\t<\/div>\n\t\t\t\t<\/div>\n\t\t\t\t<div class=\"elementor-element elementor-element-9cfc737 elementor-widget elementor-widget-text-editor\" data-id=\"9cfc737\" data-element_type=\"widget\" data-e-type=\"widget\" data-widget_type=\"text-editor.default\">\n\t\t\t\t<div class=\"elementor-widget-container\">\n\t\t\t\t\t\t\t\t\t<p>Gastronomy plays a key role in Alicante\u2019s rooftops, ranging from classic Mediterranean dishes to cutting-edge culinary creations. Each rooftop has its character, offering a unique experience. Each rooftop has its character, offering a unique experience.<\/p>\n<p data-start=\"1299\" data-end=\"1388\"><strong>If you&#8217;re thinking about visiting one of these terraces, here are some recommendations:<\/strong><\/p>\n<ul>\n<li><strong>Book in advance<\/strong>: The most popular rooftops can get crowded, especially during peak season when good weather makes sitting on a terrace with a drink and great company the highlight of your week.<\/li>\n<li><strong>Choose the right atmosphere: <\/strong> Some rooftops have a lively, social vibe, while others offer a more intimate and tranquil setting. It all depends on the experience you\u2019re looking for.<\/li>\n<li><strong>Arrive early: <\/strong> The best part of visiting a rooftop is undoubtedly enjoying the view from above, especially at sunset.<\/li>\n<li><strong data-start=\"1907\" data-end=\"1942\">Immerse yourself in the moment:<\/strong> Relax, and savor a truly special experience.<br \/>\nDon&#8217;t miss the opportunity to discover the best rooftops in Alicante!<\/li>\n<\/ul>\n\t\t\t\t\t\t\t\t<\/div>\n\t\t\t\t<\/div>\n\t\t\t\t<div class=\"elementor-element elementor-element-627e779 elementor-align-center elementor-widget elementor-widget-button\" data-id=\"627e779\" data-element_type=\"widget\" data-e-type=\"widget\" data-widget_type=\"button.default\">\n\t\t\t\t<div class=\"elementor-widget-container\">\n\t\t\t\t\t\t\t\t\t<div class=\"elementor-button-wrapper\">\n\t\t\t\t\t<a class=\"elementor-button elementor-button-link elementor-size-sm\" href=\"https:\/\/alicanteturismo.com\/en\/beaches\/\">\n\t\t\t\t\t\t<span class=\"elementor-button-content-wrapper\">\n\t\t\t\t\t\t\t\t\t<span class=\"elementor-button-text\">More information about Alicante's beaches<\/span>\n\t\t\t\t\t<\/span>\n\t\t\t\t\t<\/a>\n\t\t\t\t<\/div>\n\t\t\t\t\t\t\t\t<\/div>\n\t\t\t\t<\/div>\n\t\t\t\t<div class=\"elementor-element elementor-element-fb452d0 elementor-widget elementor-widget-heading\" data-id=\"fb452d0\" data-element_type=\"widget\" data-e-type=\"widget\" data-widget_type=\"heading.default\">\n\t\t\t\t<div class=\"elementor-widget-container\">\n\t\t\t\t\t<h2 class=\"elementor-heading-title elementor-size-default\">FEATURED NEWS<\/h2>\t\t\t\t<\/div>\n\t\t\t\t<\/div>\n\t\t\t\t<div class=\"elementor-element elementor-element-67a94e3 elementor-grid-3 elementor-grid-tablet-2 elementor-grid-mobile-1 elementor-posts--thumbnail-top elementor-widget elementor-widget-posts\" data-id=\"67a94e3\" data-element_type=\"widget\" data-e-type=\"widget\" data-settings=\"{&quot;classic_columns&quot;:&quot;3&quot;,&quot;classic_columns_tablet&quot;:&quot;2&quot;,&quot;classic_columns_mobile&quot;:&quot;1&quot;,&quot;classic_row_gap&quot;:{&quot;unit&quot;:&quot;px&quot;,&quot;size&quot;:35,&quot;sizes&quot;:[]},&quot;classic_row_gap_widescreen&quot;:{&quot;unit&quot;:&quot;px&quot;,&quot;size&quot;:&quot;&quot;,&quot;sizes&quot;:[]},&quot;classic_row_gap_laptop&quot;:{&quot;unit&quot;:&quot;px&quot;,&quot;size&quot;:&quot;&quot;,&quot;sizes&quot;:[]},&quot;classic_row_gap_tablet_extra&quot;:{&quot;unit&quot;:&quot;px&quot;,&quot;size&quot;:&quot;&quot;,&quot;sizes&quot;:[]},&quot;classic_row_gap_tablet&quot;:{&quot;unit&quot;:&quot;px&quot;,&quot;size&quot;:&quot;&quot;,&quot;sizes&quot;:[]},&quot;classic_row_gap_mobile_extra&quot;:{&quot;unit&quot;:&quot;px&quot;,&quot;size&quot;:&quot;&quot;,&quot;sizes&quot;:[]},&quot;classic_row_gap_mobile&quot;:{&quot;unit&quot;:&quot;px&quot;,&quot;size&quot;:&quot;&quot;,&quot;sizes&quot;:[]}}\" data-widget_type=\"posts.classic\">\n\t\t\t\t<div class=\"elementor-widget-container\">\n\t\t\t\t\t\t\t<div class=\"elementor-posts-container elementor-posts elementor-posts--skin-classic elementor-grid\" role=\"list\">\n\t\t\t\t<article class=\"elementor-post elementor-grid-item post-319618 noticias type-noticias status-publish has-post-thumbnail hentry categoria-de-noticia-destacados\" role=\"listitem\">\n\t\t\t\t<a class=\"elementor-post__thumbnail__link\" href=\"https:\/\/alicanteturismo.com\/en\/noticias\/barcala-alicante-planifica-el-futuro-de-su-turismo-sostenible-con-la-variable-del-cambio-climatico\/\" tabindex=\"-1\" >\n\t\t\t<div class=\"elementor-post__thumbnail\"><img decoding=\"async\" width=\"300\" height=\"200\" src=\"https:\/\/alicanteturismo.com\/wp-content\/uploads\/2026\/04\/ERN_4882-300x200.jpg\" class=\"attachment-medium size-medium wp-image-319643\" alt=\"\" srcset=\"https:\/\/alicanteturismo.com\/wp-content\/uploads\/2026\/04\/ERN_4882-300x200.jpg 300w, https:\/\/alicanteturismo.com\/wp-content\/uploads\/2026\/04\/ERN_4882-1024x683.jpg 1024w, https:\/\/alicanteturismo.com\/wp-content\/uploads\/2026\/04\/ERN_4882-768x512.jpg 768w, https:\/\/alicanteturismo.com\/wp-content\/uploads\/2026\/04\/ERN_4882-391x260.jpg 391w, https:\/\/alicanteturismo.com\/wp-content\/uploads\/2026\/04\/ERN_4882-1536x1024.jpg 1536w, https:\/\/alicanteturismo.com\/wp-content\/uploads\/2026\/04\/ERN_4882-2048x1365.jpg 2048w\" sizes=\"(max-width: 300px) 100vw, 300px\" \/><\/div>\n\t\t<\/a>\n\t\t\t\t<div class=\"elementor-post__text\">\n\t\t\t\t<h3 class=\"elementor-post__title\">\n\t\t\t<a href=\"https:\/\/alicanteturismo.com\/en\/noticias\/barcala-alicante-planifica-el-futuro-de-su-turismo-sostenible-con-la-variable-del-cambio-climatico\/\" >\n\t\t\t\tBarcala: \u201cAlicante planifica el futuro de su turismo sostenible con la variable del cambio clim\u00e1tico\u201d\t\t\t<\/a>\n\t\t<\/h3>\n\t\t\t\t<div class=\"elementor-post__meta-data\">\n\t\t\t\t\t<span class=\"elementor-post-date\">\n\t\t\t22\/04\/2026\t\t<\/span>\n\t\t\t\t<span class=\"elementor-post-avatar\">\n\t\t\tNo Comments\t\t<\/span>\n\t\t\t\t<\/div>\n\t\t\t\t<div class=\"elementor-post__excerpt\">\n\t\t\t\t\t<\/div>\n\t\t\n\t\t<a class=\"elementor-post__read-more\" href=\"https:\/\/alicanteturismo.com\/en\/noticias\/barcala-alicante-planifica-el-futuro-de-su-turismo-sostenible-con-la-variable-del-cambio-climatico\/\" aria-label=\"Read more about Barcala: \u201cAlicante planifica el futuro de su turismo sostenible con la variable del cambio clim\u00e1tico\u201d\" tabindex=\"-1\" >\n\t\t\tRead More \"\t\t<\/a>\n\n\t\t\t\t<\/div>\n\t\t\t\t<\/article>\n\t\t\t\t<article class=\"elementor-post elementor-grid-item post-317312 noticias type-noticias status-publish has-post-thumbnail hentry categoria-de-noticia-castillo-de-santa-barbara categoria-de-noticia-destacados\" role=\"listitem\">\n\t\t\t\t<a class=\"elementor-post__thumbnail__link\" href=\"https:\/\/alicanteturismo.com\/en\/noticias\/alicante-despierta-el-interes-de-suiza-italia-y-paises-bajos-en-la-feria-itb-de-berlin\/\" tabindex=\"-1\" >\n\t\t\t<div class=\"elementor-post__thumbnail\"><img loading=\"lazy\" decoding=\"async\" width=\"225\" height=\"300\" src=\"https:\/\/alicanteturismo.com\/wp-content\/uploads\/2026\/03\/Poquet-Berlin-225x300.jpeg\" class=\"attachment-medium size-medium wp-image-317313\" alt=\"\" srcset=\"https:\/\/alicanteturismo.com\/wp-content\/uploads\/2026\/03\/Poquet-Berlin-225x300.jpeg 225w, https:\/\/alicanteturismo.com\/wp-content\/uploads\/2026\/03\/Poquet-Berlin-768x1024.jpeg 768w, https:\/\/alicanteturismo.com\/wp-content\/uploads\/2026\/03\/Poquet-Berlin-300x400.jpeg 300w, https:\/\/alicanteturismo.com\/wp-content\/uploads\/2026\/03\/Poquet-Berlin-1152x1536.jpeg 1152w, https:\/\/alicanteturismo.com\/wp-content\/uploads\/2026\/03\/Poquet-Berlin.jpeg 1200w\" sizes=\"(max-width: 225px) 100vw, 225px\" \/><\/div>\n\t\t<\/a>\n\t\t\t\t<div class=\"elementor-post__text\">\n\t\t\t\t<h3 class=\"elementor-post__title\">\n\t\t\t<a href=\"https:\/\/alicanteturismo.com\/en\/noticias\/alicante-despierta-el-interes-de-suiza-italia-y-paises-bajos-en-la-feria-itb-de-berlin\/\" >\n\t\t\t\tAlicante despierta el inter\u00e9s de Suiza, Italia y Pa\u00edses bajos en la feria ITB de Berl\u00edn\t\t\t<\/a>\n\t\t<\/h3>\n\t\t\t\t<div class=\"elementor-post__meta-data\">\n\t\t\t\t\t<span class=\"elementor-post-date\">\n\t\t\t09\/03\/2026\t\t<\/span>\n\t\t\t\t<span class=\"elementor-post-avatar\">\n\t\t\tNo Comments\t\t<\/span>\n\t\t\t\t<\/div>\n\t\t\t\t<div class=\"elementor-post__excerpt\">\n\t\t\t\t\t<\/div>\n\t\t\n\t\t<a class=\"elementor-post__read-more\" href=\"https:\/\/alicanteturismo.com\/en\/noticias\/alicante-despierta-el-interes-de-suiza-italia-y-paises-bajos-en-la-feria-itb-de-berlin\/\" aria-label=\"Read more about Alicante despierta el inter\u00e9s de Suiza, Italia y Pa\u00edses bajos en la feria ITB de Berl\u00edn\" tabindex=\"-1\" >\n\t\t\tRead More \"\t\t<\/a>\n\n\t\t\t\t<\/div>\n\t\t\t\t<\/article>\n\t\t\t\t<article class=\"elementor-post elementor-grid-item post-316456 noticias type-noticias status-publish has-post-thumbnail hentry categoria-de-noticia-cruceros categoria-de-noticia-destacados\" role=\"listitem\">\n\t\t\t\t<a class=\"elementor-post__thumbnail__link\" href=\"https:\/\/alicanteturismo.com\/en\/noticias\/alicante-refuerza-su-papel-como-puerto-base-de-cruceros-y-motor-turistico-del-mediterraneo\/\" tabindex=\"-1\" >\n\t\t\t<div class=\"elementor-post__thumbnail\"><img loading=\"lazy\" decoding=\"async\" width=\"300\" height=\"200\" src=\"https:\/\/alicanteturismo.com\/wp-content\/uploads\/2026\/02\/IMG_6018-300x200.jpg\" class=\"attachment-medium size-medium wp-image-316460\" alt=\"\" srcset=\"https:\/\/alicanteturismo.com\/wp-content\/uploads\/2026\/02\/IMG_6018-300x200.jpg 300w, https:\/\/alicanteturismo.com\/wp-content\/uploads\/2026\/02\/IMG_6018-1024x683.jpg 1024w, https:\/\/alicanteturismo.com\/wp-content\/uploads\/2026\/02\/IMG_6018-768x512.jpg 768w, https:\/\/alicanteturismo.com\/wp-content\/uploads\/2026\/02\/IMG_6018-391x260.jpg 391w, https:\/\/alicanteturismo.com\/wp-content\/uploads\/2026\/02\/IMG_6018-1536x1024.jpg 1536w, https:\/\/alicanteturismo.com\/wp-content\/uploads\/2026\/02\/IMG_6018-2048x1366.jpg 2048w\" sizes=\"(max-width: 300px) 100vw, 300px\" \/><\/div>\n\t\t<\/a>\n\t\t\t\t<div class=\"elementor-post__text\">\n\t\t\t\t<h3 class=\"elementor-post__title\">\n\t\t\t<a href=\"https:\/\/alicanteturismo.com\/en\/noticias\/alicante-refuerza-su-papel-como-puerto-base-de-cruceros-y-motor-turistico-del-mediterraneo\/\" >\n\t\t\t\tAlicante refuerza su papel como puerto base de cruceros\t\t\t<\/a>\n\t\t<\/h3>\n\t\t\t\t<div class=\"elementor-post__meta-data\">\n\t\t\t\t\t<span class=\"elementor-post-date\">\n\t\t\t12\/02\/2026\t\t<\/span>\n\t\t\t\t<span class=\"elementor-post-avatar\">\n\t\t\tNo Comments\t\t<\/span>\n\t\t\t\t<\/div>\n\t\t\t\t<div class=\"elementor-post__excerpt\">\n\t\t\t\t\t<\/div>\n\t\t\n\t\t<a class=\"elementor-post__read-more\" href=\"https:\/\/alicanteturismo.com\/en\/noticias\/alicante-refuerza-su-papel-como-puerto-base-de-cruceros-y-motor-turistico-del-mediterraneo\/\" aria-label=\"Read more about Alicante refuerza su papel como puerto base de cruceros\" tabindex=\"-1\" >\n\t\t\tRead More \"\t\t<\/a>\n\n\t\t\t\t<\/div>\n\t\t\t\t<\/article>\n\t\t\t\t<\/div>\n\t\t\n\t\t\t\t\t\t<\/div>\n\t\t\t\t<\/div>\n\t\t\t\t<\/div>\n\t\t\t\t<\/div>\n\t\t","protected":false},"excerpt":{"rendered":"<p>Alicante&#8217;s rooftops With the arrival of summer comes the irresistible opportunity to enjoy the unique experiences that the city of Alicante offers. And when it comes to unforgettable experiences, Alicante&#8217;s rooftops reign as undisputed protagonists. Impressive and emblematic places such as Santa Barbara Castle, the old town, Barrio de Santa Cruz, and San Juan Beach [&hellip;]<\/p>\n","protected":false},"author":1,"featured_media":0,"comment_status":"closed","ping_status":"open","sticky":false,"template":"","format":"standard","meta":{"_acf_changed":false,"footnotes":""},"categories":[1],"tags":[],"class_list":["post-296929","post","type-post","status-publish","format-standard","hentry","category-sin-categorizar"],"acf":[],"_links":{"self":[{"href":"https:\/\/alicanteturismo.com\/en\/wp-json\/wp\/v2\/posts\/296929","targetHints":{"allow":["GET"]}}],"collection":[{"href":"https:\/\/alicanteturismo.com\/en\/wp-json\/wp\/v2\/posts"}],"about":[{"href":"https:\/\/alicanteturismo.com\/en\/wp-json\/wp\/v2\/types\/post"}],"author":[{"embeddable":true,"href":"https:\/\/alicanteturismo.com\/en\/wp-json\/wp\/v2\/users\/1"}],"replies":[{"embeddable":true,"href":"https:\/\/alicanteturismo.com\/en\/wp-json\/wp\/v2\/comments?post=296929"}],"version-history":[{"count":0,"href":"https:\/\/alicanteturismo.com\/en\/wp-json\/wp\/v2\/posts\/296929\/revisions"}],"wp:attachment":[{"href":"https:\/\/alicanteturismo.com\/en\/wp-json\/wp\/v2\/media?parent=296929"}],"wp:term":[{"taxonomy":"category","embeddable":true,"href":"https:\/\/alicanteturismo.com\/en\/wp-json\/wp\/v2\/categories?post=296929"},{"taxonomy":"post_tag","embeddable":true,"href":"https:\/\/alicanteturismo.com\/en\/wp-json\/wp\/v2\/tags?post=296929"}],"curies":[{"name":"wp","href":"https:\/\/api.w.org\/{rel}","templated":true}]}}