{"id":261086,"date":"2023-12-20T14:40:26","date_gmt":"2023-12-20T13:40:26","guid":{"rendered":"https:\/\/www.alicanteturismo.com\/?p=261086"},"modified":"2024-10-16T17:42:14","modified_gmt":"2024-10-16T15:42:14","slug":"noticia-201222023-turismo-renueva-su-compromiso-con-apsa-para-la-formacion-e-insercion-laboral-en-el-castillo-de-santa-barbara","status":"publish","type":"noticias","link":"https:\/\/alicanteturismo.com\/en\/noticias\/noticia-201222023-turismo-renueva-su-compromiso-con-apsa-para-la-formacion-e-insercion-laboral-en-el-castillo-de-santa-barbara\/","title":{"rendered":"Turismo renueva su compromiso con Apsa para la formaci\u00f3n e inserci\u00f3n laboral en el Castillo de Santa B\u00e1rbara"},"content":{"rendered":"<h4 align=\"justify\">La concejala de Turismo, Ana Poquet, y la presidenta de Apsa, Nito Manero, han suscrito de nuevo un convenio para la formaci\u00f3n e inserci\u00f3n laboral de personas con discapacidad intelectual en el Castillo de Santa B\u00e1rbara.<\/h4>\n<p align=\"justify\">A trav\u00e9s de este convenio usuarios de<strong> Apsa<\/strong> pueden realizar un programa te\u00f3rico-pr\u00e1ctico mediante el que prestan distintos servicios en la fortaleza durante un a\u00f1o. Poquet ha destacado que <em>\u201cdesde que Turismo asumi\u00f3 la dinamizaci\u00f3n del Castillo hemos contado con personal de Apsa que nos ayuda a prestar el mejor servicio y estamos encantados con su profesionalidad y buen hacer por lo que esperamos que este convenio se pueda renovar a\u00f1o tras a\u00f1o\u201d.<\/em> Por su parte, <strong>Manero<\/strong> ha agradecido a Poquet<em> \u201cla confianza depositada\u201d<\/em> y ha se\u00f1alado que <em>\u201cgracias a este tipo de acciones se rompen barreras y se ofrecen oportunidades a personas que est\u00e1n preparadas para trabajar y formar parte activa en todos los \u00e1mbitos de la sociedad\u201d.<\/em> Durante 2023 un total de <strong>seis usuarios de Apsa se han acogido a este programa que se podr\u00eda ampliar a hasta ocho para 2024.<\/strong><\/p>\n","protected":false},"featured_media":266438,"template":"","meta":{"_acf_changed":false},"categoria-de-noticia":[150,121,153],"class_list":["post-261086","noticias","type-noticias","status-publish","has-post-thumbnail","hentry","categoria-de-noticia-archivo-historico","categoria-de-noticia-destacados","categoria-de-noticia-notas-de-prensa"],"acf":[],"_links":{"self":[{"href":"https:\/\/alicanteturismo.com\/en\/wp-json\/wp\/v2\/noticias\/261086","targetHints":{"allow":["GET"]}}],"collection":[{"href":"https:\/\/alicanteturismo.com\/en\/wp-json\/wp\/v2\/noticias"}],"about":[{"href":"https:\/\/alicanteturismo.com\/en\/wp-json\/wp\/v2\/types\/noticias"}],"version-history":[{"count":0,"href":"https:\/\/alicanteturismo.com\/en\/wp-json\/wp\/v2\/noticias\/261086\/revisions"}],"wp:featuredmedia":[{"embeddable":true,"href":"https:\/\/alicanteturismo.com\/en\/wp-json\/wp\/v2\/media\/266438"}],"wp:attachment":[{"href":"https:\/\/alicanteturismo.com\/en\/wp-json\/wp\/v2\/media?parent=261086"}],"wp:term":[{"taxonomy":"categoria-de-noticia","embeddable":true,"href":"https:\/\/alicanteturismo.com\/en\/wp-json\/wp\/v2\/categoria-de-noticia?post=261086"}],"curies":[{"name":"wp","href":"https:\/\/api.w.org\/{rel}","templated":true}]}}