{"id":307855,"date":"2025-05-22T09:15:12","date_gmt":"2025-05-22T07:15:12","guid":{"rendered":"https:\/\/alicanteturismo.com\/?post_type=noticias&#038;p=307855"},"modified":"2025-05-22T09:15:13","modified_gmt":"2025-05-22T07:15:13","slug":"alicante-acude-a-la-feria-imex-de-frankfurt-para-captar-turismo-de-congresos","status":"publish","type":"noticias","link":"https:\/\/alicanteturismo.com\/de\/noticias\/alicante-acude-a-la-feria-imex-de-frankfurt-para-captar-turismo-de-congresos\/","title":{"rendered":"Alicante acude a la feria Imex de Frankfurt para captar turismo de congresos"},"content":{"rendered":"<div id=\"i4t-id-33ay8qtc6\" class=\"field field-name-field-noticias-entradilla field-type-text field-label-hidden\">\n<div class=\"field-items\">\n<div class=\"field-item even\">\n<p style=\"text-align: center;\"><strong>Poquet destaca \u201cla apuesta por la internacionalizaci\u00f3n de los congresos y los eventos en un mercado muy competitivo en el que Alicante cada vez despierta un mayor inter\u00e9s\u201d<\/strong><\/p>\n<\/div>\n<\/div>\n<\/div>\n<div class=\"field field-name-field-noticia-contenido field-type-text-with-summary field-label-hidden\">\n<div class=\"field-items\">\n<div class=\"field-item even\">\n<p style=\"text-align: center;\"><strong>El Patronato de Turismo<\/strong> se reunir\u00e1 con una veintena de<strong> empresas y organizadores de eventos<\/strong> hasta el jueves en el espacio que <strong>Turisme Comunitat Valenciana<\/strong> ha habilitado para las oficinas<strong> Convention Bureau<\/strong><\/p>\n<p><strong>Alicante, 21 de mayo de 2025<\/strong>.\u00a0Alicante ha acudido a la<strong> feria Imex<\/strong> de Frankfurt, una de las m\u00e1s importantes especializadas en<strong> turismo MICE<\/strong> (congresos, reuniones, eventos e incentivos), para <strong>captar visitantes<\/strong> de este segmento procedentes de Europa, Am\u00e9rica y Asia.<\/p>\n<p><strong>El Patronato de Turismo Alicante City&amp;Beach<\/strong>, a trav\u00e9s de la oficina Alicante Convention Bureau, se reunir\u00e1 con una veintena de empresas y organizadores de<strong> eventos nacionales<\/strong> e internacionales hasta el jueves.<\/p>\n<p>La concejala de Turismo, <strong>Ana Poquet<\/strong>, ha destacado \u201cla apuesta por la internacionalizaci\u00f3n de los congresos y los eventos en un mercado muy competitivo\u201d. \u201cCada vez son m\u00e1s los operadores interesados en organizar sus viajes MICE en nuestra ciudad por nuestra completa oferta y es un segmento muy beneficioso por su elevado gasto y por la riqueza sociocultural que genera\u201d, ha explicado la edil.<\/p>\n<p>La delegaci\u00f3n alicantina est\u00e1 formada por t\u00e9cnicos del <strong>Patronato de Turismo<\/strong> junto con el <strong>Hotel Hospes Am\u00e9rigo<\/strong> y la empresa tur\u00edstica <strong>Blue Valley<\/strong> que mantienen los encuentros con los agentes del sector en el espacio que <strong>Turisme Comunitat Valenciana<\/strong> ha habilitado paras las oficinas Convention Bureau. Tambi\u00e9n participan la <strong>Asociaci\u00f3n Provincial de Hoteles de Alicante (APHA) y Hosbec<\/strong>.<\/p>\n<p>La feria <strong>Imex<\/strong> es la principal dentro del segmento <strong>MICE<\/strong> a nivel internacional con la presencia de 150 pa\u00edses y forma parte del calendario de <strong>eventos<\/strong> profesionales a los que acude el<strong> Alicante Convention Bureau<\/strong> cada a\u00f1o.<\/p>\n<\/div>\n<\/div>\n<\/div>\n","protected":false},"featured_media":307856,"template":"","meta":{"_acf_changed":false},"categoria-de-noticia":[107,121,148],"class_list":["post-307855","noticias","type-noticias","status-publish","has-post-thumbnail","hentry","categoria-de-noticia-congresos-y-reuniones","categoria-de-noticia-destacados","categoria-de-noticia-patronato-municipal-de-turismo-y-playas-alicante"],"acf":[],"_links":{"self":[{"href":"https:\/\/alicanteturismo.com\/de\/wp-json\/wp\/v2\/noticias\/307855","targetHints":{"allow":["GET"]}}],"collection":[{"href":"https:\/\/alicanteturismo.com\/de\/wp-json\/wp\/v2\/noticias"}],"about":[{"href":"https:\/\/alicanteturismo.com\/de\/wp-json\/wp\/v2\/types\/noticias"}],"version-history":[{"count":0,"href":"https:\/\/alicanteturismo.com\/de\/wp-json\/wp\/v2\/noticias\/307855\/revisions"}],"wp:featuredmedia":[{"embeddable":true,"href":"https:\/\/alicanteturismo.com\/de\/wp-json\/wp\/v2\/media\/307856"}],"wp:attachment":[{"href":"https:\/\/alicanteturismo.com\/de\/wp-json\/wp\/v2\/media?parent=307855"}],"wp:term":[{"taxonomy":"categoria-de-noticia","embeddable":true,"href":"https:\/\/alicanteturismo.com\/de\/wp-json\/wp\/v2\/categoria-de-noticia?post=307855"}],"curies":[{"name":"wp","href":"https:\/\/api.w.org\/{rel}","templated":true}]}}