{"id":306289,"date":"2025-04-22T11:48:22","date_gmt":"2025-04-22T09:48:22","guid":{"rendered":"https:\/\/alicanteturismo.com\/?post_type=noticias&#038;p=306289"},"modified":"2025-04-22T11:48:25","modified_gmt":"2025-04-22T09:48:25","slug":"la-fiesta-de-la-primavera-del-comercio-de-quintana-se-celebrara-el-10-de-mayo-con-un-festival-cultural-lleno-de-arte-y-gastronomia","status":"publish","type":"noticias","link":"https:\/\/alicanteturismo.com\/de\/noticias\/la-fiesta-de-la-primavera-del-comercio-de-quintana-se-celebrara-el-10-de-mayo-con-un-festival-cultural-lleno-de-arte-y-gastronomia\/","title":{"rendered":"La fiesta de la Primavera del comercio de Quintana se celebrar\u00e1 el 10 de mayo con un festival cultural lleno de arte y gastronom\u00eda"},"content":{"rendered":"\n<p class=\"has-text-align-center\">Los comercios y la hosteler\u00eda son reconocidos con los premios ciudad de Alicante del Ayuntamiento, que cuentan con 18 galardones y 36.000 euros, la inscripci\u00f3n se realiza on line&nbsp; &nbsp;<a href=\"https:\/\/premiosdecomercio.alicante.es\/\" target=\"_blank\" rel=\"noopener\">https:\/\/premiosdecomercio.alicante.es<\/a><\/p>\n\n\n\n<p><strong>Alicante, 17 de abril de 2025.<\/strong>&nbsp;Alicante celebrar\u00e1 la primavera cultural el pr\u00f3ximo 10 de mayo, en la calle Poeta Quintana, con un festival lleno de arte y gastronom\u00eda. Bajo el lema este a\u00f1o de \u2018Quintana. La sangre altera\u2019 saldr\u00e1n a la calle cerca de un centenar de comercios para disfrutar de un d\u00eda comercial con un evento muy consolidado y esperado en la ciudad que logra reunir a cientos de personas y fomentar el ocio, la cultura y las compras.<\/p>\n\n\n\n<p>El evento se organiza por la asociaci\u00f3n de Comerciantes de Zona Quintana en colaboraci\u00f3n con el Ayuntamiento de Alicante, y es una cita que va a tener m\u00fasica en directo y actuaciones, mucha gastronom\u00eda y degustaciones, actividades infantiles, talleres: as\u00ed como reunir\u00e1 a artistas, ilustradores para promover la cultura, y cuenta con la colaboraci\u00f3n de Facpyme.<\/p>\n\n\n\n<p>La concejala de Comercio y Hosteler\u00eda, Lidia L\u00f3pez, destac\u00f3 que \u201cesta cita es una fiesta del comercio organizada para dinamizar la zona y acercarla a la ciudad que da a conocer sus establecimientos de proximidad, y en la que disfrutamos de un d\u00eda especial con muchas actividades fomentando el ocio y las compras poniendo en valor la importancia de apostar por el comercio local que ofrece unos servicios de calidad\u201d.<\/p>\n\n\n\n<p>Los comerciantes de Alicante se volver\u00e1n a volcar el 10 de mayo en organizar una nueva edici\u00f3n muy especial de Quintana que contar\u00e1 con muchas sorpresas durante todo el d\u00eda, y donde la gastronom\u00eda tendr\u00e1 un lugar muy especial y con el foco puesto en ofrecer un cartel de iniciativas para disfrutar tambi\u00e9n de la cultura y las actuaciones art\u00edsticas.<\/p>\n\n\n\n<p>El presidente de la asociaci\u00f3n de la zona Quintana, Jordi Gisbert, anim\u00f3 a acudir resaltando que \u201ces un d\u00eda muy especial para todos los comerciantes que organizamos con mucho cari\u00f1o para celebrar la fiesta del comercio local de zona Quintana con los alicantinos y visitantes, y este a\u00f1o habr\u00e1 muchas sorpresas y volver\u00e1 a ser gran evento con multitud de iniciativas y actividades\u201d.<\/p>\n\n\n\n<p><strong>Premios Ciudad de Alicante al Comercio y Hosteler\u00eda<\/strong><\/p>\n\n\n\n<p>Alicante premia este a\u00f1o a los mejores comercios y establecimientos de hosteler\u00eda, con un certamen organizado y convocado por el Ayuntamiento de Alicante que cuenta con seis categor\u00edas para otorgar 36.000 euros a la mejor trayectoria empresarial, la digitalizaci\u00f3n, la responsabilidad social empresarial, al emprendimiento, al comercio de barrio y un premio especial en esta edici\u00f3n a Men\u00fa \u2018Alicante, capital espa\u00f1ola de la gastronom\u00eda\u2019.<\/p>\n\n\n\n<p>El plazo para inscribirse finaliza el pr\u00f3ximo 23 de abril, y las empresas que quieran optar pueden hacerlo on line, en la web <a href=\"https:\/\/premiosdecomercio.alicante.es\/\" target=\"_blank\" rel=\"noopener\">https:\/\/premiosdecomercio.alicante.es<\/a>. La concejala Lidia L\u00f3pez ha animado a presentarse destacando que \u201cestos premios son un incentivo que van a reconocer la excelencia y calidad del sector comercial y de la hosteler\u00eda de nuestra ciudad que apuestan por la innovaci\u00f3n, la digitalizaci\u00f3n, la responsabilidad social y la calidad de sus servicios y sobresalen en Alicante\u201d.<\/p>\n\n\n\n<p>Podr\u00e1n optar a los premios las personas f\u00edsicas, microempresas y peque\u00f1as empresas de hasta 49 trabajadores, que realicen actividad comercial de car\u00e1cter minorista, hosteler\u00eda o servicios en activo, situados en bajo comercial y trama urbana, as\u00ed como las unidades comerciales de mercados y los puestos de los mercadillos municipales y galer\u00edas de alimentaci\u00f3n.<\/p>\n\n\n\n<p><strong>Curso de Community Manager para comerciantes<\/strong><\/p>\n\n\n\n<p>Asimismo, el Ayuntamiento de Alicante tambi\u00e9n ofrece a los comerciantes un curso especializado para que aprendan a gestionar sus redes sociales y dise\u00f1ar contenidos. Bajo el t\u00edtulo \u2018Principios del Community Manager\u2019, se organiza del 28 al 30 de mayo, y del 2 al 18 de junio, en horario de ma\u00f1ana de 9 a 14 horas. La formaci\u00f3n tendr\u00e1 lugar en la Oficina EDUSI, situada en la antigua f\u00e1brica de tabaco, con entrada por la calle Cuesta de la F\u00e1brica s\/n, y se realizan en colaboraci\u00f3n con la Conselleria de Innovaci\u00f3n, Industria, Comercio y Turismo, impartidos por Adecco y cuentan con financiaci\u00f3n europea Next Generation.<\/p>\n","protected":false},"featured_media":204745,"template":"","meta":{"_acf_changed":false},"categoria-de-noticia":[104,109],"class_list":["post-306289","noticias","type-noticias","status-publish","has-post-thumbnail","hentry","categoria-de-noticia-compras","categoria-de-noticia-cultura-y-ocio"],"acf":[],"_links":{"self":[{"href":"https:\/\/alicanteturismo.com\/de\/wp-json\/wp\/v2\/noticias\/306289","targetHints":{"allow":["GET"]}}],"collection":[{"href":"https:\/\/alicanteturismo.com\/de\/wp-json\/wp\/v2\/noticias"}],"about":[{"href":"https:\/\/alicanteturismo.com\/de\/wp-json\/wp\/v2\/types\/noticias"}],"version-history":[{"count":0,"href":"https:\/\/alicanteturismo.com\/de\/wp-json\/wp\/v2\/noticias\/306289\/revisions"}],"wp:featuredmedia":[{"embeddable":true,"href":"https:\/\/alicanteturismo.com\/de\/wp-json\/wp\/v2\/media\/204745"}],"wp:attachment":[{"href":"https:\/\/alicanteturismo.com\/de\/wp-json\/wp\/v2\/media?parent=306289"}],"wp:term":[{"taxonomy":"categoria-de-noticia","embeddable":true,"href":"https:\/\/alicanteturismo.com\/de\/wp-json\/wp\/v2\/categoria-de-noticia?post=306289"}],"curies":[{"name":"wp","href":"https:\/\/api.w.org\/{rel}","templated":true}]}}