{"id":312581,"date":"2025-10-14T10:42:25","date_gmt":"2025-10-14T08:42:25","guid":{"rendered":"https:\/\/alicanteturismo.com\/ruta-de-cinema-per-lilla-de-tabarca\/"},"modified":"2025-10-14T11:27:42","modified_gmt":"2025-10-14T09:27:42","slug":"ruta-de-cinema-per-lilla-de-tabarca","status":"publish","type":"post","link":"https:\/\/alicanteturismo.com\/ca\/ruta-de-cinema-per-lilla-de-tabarca\/","title":{"rendered":"RUTA DE CINEMA PER L&#8217;ILLA DE TABARCA"},"content":{"rendered":"\t\t<div data-elementor-type=\"wp-post\" data-elementor-id=\"312581\" class=\"elementor elementor-312581 elementor-312576\" data-elementor-post-type=\"post\">\n\t\t\t\t<div class=\"elementor-element elementor-element-a6caf37 e-con-full e-flex e-con e-parent\" data-id=\"a6caf37\" data-element_type=\"container\" data-e-type=\"container\" data-settings=\"{&quot;background_background&quot;:&quot;classic&quot;}\">\n\t\t\t\t<div class=\"elementor-element elementor-element-e78caae elementor-widget__width-inherit elementor-widget elementor-widget-heading\" data-id=\"e78caae\" data-element_type=\"widget\" data-e-type=\"widget\" data-widget_type=\"heading.default\">\n\t\t\t\t<div class=\"elementor-widget-container\">\n\t\t\t\t\t<h1 class=\"elementor-heading-title elementor-size-default\">RUTA DE CINEMA PER L&#8217;ILLA DE TABARCA<\/h1>\t\t\t\t<\/div>\n\t\t\t\t<\/div>\n\t\t\t\t<\/div>\n\t\t<div class=\"elementor-element elementor-element-b471550 e-con-full e-flex e-con e-parent\" data-id=\"b471550\" data-element_type=\"container\" data-e-type=\"container\">\n\t\t\t\t<div class=\"elementor-element elementor-element-f88e41f elementor-widget elementor-widget-heading\" data-id=\"f88e41f\" data-element_type=\"widget\" data-e-type=\"widget\" data-widget_type=\"heading.default\">\n\t\t\t\t<div class=\"elementor-widget-container\">\n\t\t\t\t\t<h2 class=\"elementor-heading-title elementor-size-default\">Tabarca, una illa de cinema<\/h2>\t\t\t\t<\/div>\n\t\t\t\t<\/div>\n\t\t\t\t<div class=\"elementor-element elementor-element-bd6381e elementor-widget elementor-widget-post-info\" data-id=\"bd6381e\" data-element_type=\"widget\" data-e-type=\"widget\" data-widget_type=\"post-info.default\">\n\t\t\t\t<div class=\"elementor-widget-container\">\n\t\t\t\t\t\t\t<ul class=\"elementor-inline-items elementor-icon-list-items elementor-post-info\">\n\t\t\t\t\t\t\t\t<li class=\"elementor-icon-list-item elementor-repeater-item-7f911ae elementor-inline-item\" itemprop=\"datePublished\">\n\t\t\t\t\t\t\t\t\t\t<span class=\"elementor-icon-list-icon\">\n\t\t\t\t\t\t\t\t<svg aria-hidden=\"true\" class=\"e-font-icon-svg e-fas-calendar-alt\" viewBox=\"0 0 448 512\" xmlns=\"http:\/\/www.w3.org\/2000\/svg\"><path d=\"M0 464c0 26.5 21.5 48 48 48h352c26.5 0 48-21.5 48-48V192H0v272zm320-196c0-6.6 5.4-12 12-12h40c6.6 0 12 5.4 12 12v40c0 6.6-5.4 12-12 12h-40c-6.6 0-12-5.4-12-12v-40zm0 128c0-6.6 5.4-12 12-12h40c6.6 0 12 5.4 12 12v40c0 6.6-5.4 12-12 12h-40c-6.6 0-12-5.4-12-12v-40zM192 268c0-6.6 5.4-12 12-12h40c6.6 0 12 5.4 12 12v40c0 6.6-5.4 12-12 12h-40c-6.6 0-12-5.4-12-12v-40zm0 128c0-6.6 5.4-12 12-12h40c6.6 0 12 5.4 12 12v40c0 6.6-5.4 12-12 12h-40c-6.6 0-12-5.4-12-12v-40zM64 268c0-6.6 5.4-12 12-12h40c6.6 0 12 5.4 12 12v40c0 6.6-5.4 12-12 12H76c-6.6 0-12-5.4-12-12v-40zm0 128c0-6.6 5.4-12 12-12h40c6.6 0 12 5.4 12 12v40c0 6.6-5.4 12-12 12H76c-6.6 0-12-5.4-12-12v-40zM400 64h-48V16c0-8.8-7.2-16-16-16h-32c-8.8 0-16 7.2-16 16v48H160V16c0-8.8-7.2-16-16-16h-32c-8.8 0-16 7.2-16 16v48H48C21.5 64 0 85.5 0 112v48h448v-48c0-26.5-21.5-48-48-48z\"><\/path><\/svg>\t\t\t\t\t\t\t<\/span>\n\t\t\t\t\t\t\t\t\t<span class=\"elementor-icon-list-text elementor-post-info__item elementor-post-info__item--type-date\">\n\t\t\t\t\t\t\t\t\t\t<time>October 14, 2025<\/time>\t\t\t\t\t<\/span>\n\t\t\t\t\t\t\t\t<\/li>\n\t\t\t\t<\/ul>\n\t\t\t\t\t\t<\/div>\n\t\t\t\t<\/div>\n\t\t\t\t<\/div>\n\t\t<div class=\"elementor-element elementor-element-c5d9242 e-con-full e-flex e-con e-parent\" data-id=\"c5d9242\" data-element_type=\"container\" data-e-type=\"container\">\n\t\t<div class=\"elementor-element elementor-element-85d22c2 e-con-full e-flex e-con e-child\" data-id=\"85d22c2\" data-element_type=\"container\" data-e-type=\"container\">\n\t\t<div class=\"elementor-element elementor-element-e03cdb9 e-con-full e-flex e-con e-child\" data-id=\"e03cdb9\" data-element_type=\"container\" data-e-type=\"container\">\n\t\t\t\t<div class=\"elementor-element elementor-element-794b060 elementor-widget__width-inherit elementor-widget elementor-widget-text-editor\" data-id=\"794b060\" data-element_type=\"widget\" data-e-type=\"widget\" data-widget_type=\"text-editor.default\">\n\t\t\t\t<div class=\"elementor-widget-container\">\n\t\t\t\t\t\t\t\t\t<p>L&#8217;illa de Tabarca, declarada Reserva Marina del Mediterrani i Conjunt Historicoart\u00edstic, ha servit com a font d&#8217;inspiraci\u00f3 i escenari per a nombrosos projectes cinematogr\u00e0fics gr\u00e0cies als seus paisatges \u00fanics, les seues aig\u00fces cristal\u00b7lines i el seu ambient singular.<\/p>\n<p>Esta ruta proposa un recorregut pels racons m\u00e9s espectaculars d&#8217;este xicoteta illa plena d&#8217;hist\u00f2ria, on s&#8217;han rodat escenes que han quedat gravades en la mem\u00f2ria audiovisual. Un dest\u00ed imprescindible per als amants del cinema i la naturalesa.<\/p>\n\t\t\t\t\t\t\t\t<\/div>\n\t\t\t\t<\/div>\n\t\t\t\t<div class=\"elementor-element elementor-element-45a55f0 elementor-align-left elementor-widget elementor-widget-button\" data-id=\"45a55f0\" data-element_type=\"widget\" data-e-type=\"widget\" data-widget_type=\"button.default\">\n\t\t\t\t<div class=\"elementor-widget-container\">\n\t\t\t\t\t\t\t\t\t<div class=\"elementor-button-wrapper\">\n\t\t\t\t\t<a class=\"elementor-button elementor-button-link elementor-size-sm\" href=\"https:\/\/www.alicantefilmoffice.com\/ruta-cine-isla-de-tabarca\/\" target=\"_blank\" rel=\"noopener\">\n\t\t\t\t\t\t<span class=\"elementor-button-content-wrapper\">\n\t\t\t\t\t\t\t\t\t<span class=\"elementor-button-text\">Seguix la ruta<\/span>\n\t\t\t\t\t<\/span>\n\t\t\t\t\t<\/a>\n\t\t\t\t<\/div>\n\t\t\t\t\t\t\t\t<\/div>\n\t\t\t\t<\/div>\n\t\t\t\t<\/div>\n\t\t<div class=\"elementor-element elementor-element-2784dfc e-con-full e-flex e-con e-child\" data-id=\"2784dfc\" data-element_type=\"container\" data-e-type=\"container\">\n\t\t\t\t<div class=\"elementor-element elementor-element-7497f6e elementor-widget elementor-widget-image\" data-id=\"7497f6e\" data-element_type=\"widget\" data-e-type=\"widget\" data-widget_type=\"image.default\">\n\t\t\t\t<div class=\"elementor-widget-container\">\n\t\t\t\t\t\t\t\t\t\t\t\t\t\t\t<img fetchpriority=\"high\" decoding=\"async\" width=\"886\" height=\"886\" src=\"https:\/\/alicanteturismo.com\/wp-content\/uploads\/2025\/10\/PLACAS_tabarca_150x150cm_page-0001.jpg\" class=\"attachment-full size-full wp-image-312602\" alt=\"PLACAS_tabarca_150x150cm_page-0001\" srcset=\"https:\/\/alicanteturismo.com\/wp-content\/uploads\/2025\/10\/PLACAS_tabarca_150x150cm_page-0001.jpg 886w, https:\/\/alicanteturismo.com\/wp-content\/uploads\/2025\/10\/PLACAS_tabarca_150x150cm_page-0001-300x300.jpg 300w, https:\/\/alicanteturismo.com\/wp-content\/uploads\/2025\/10\/PLACAS_tabarca_150x150cm_page-0001-150x150.jpg 150w, https:\/\/alicanteturismo.com\/wp-content\/uploads\/2025\/10\/PLACAS_tabarca_150x150cm_page-0001-768x768.jpg 768w, https:\/\/alicanteturismo.com\/wp-content\/uploads\/2025\/10\/PLACAS_tabarca_150x150cm_page-0001-500x500.jpg 500w, https:\/\/alicanteturismo.com\/wp-content\/uploads\/2025\/10\/PLACAS_tabarca_150x150cm_page-0001-700x700.jpg 700w\" sizes=\"(max-width: 886px) 100vw, 886px\" \/>\t\t\t\t\t\t\t\t\t\t\t\t\t\t\t<\/div>\n\t\t\t\t<\/div>\n\t\t\t\t<\/div>\n\t\t\t\t<\/div>\n\t\t\t\t<\/div>\n\t\t\t\t<\/div>\n\t\t","protected":false},"excerpt":{"rendered":"<p>Tabarca, una illa de cinema L&#8217;illa de Tabarca, declarada Reserva Marina del Mediterrani i Conjunt Historicoart\u00edstic, ha servit com a font d&#8217;inspiraci\u00f3 i escenari per a nombrosos projectes cinematogr\u00e0fics gr\u00e0cies als seus paisatges \u00fanics, les seues aig\u00fces cristal\u00b7lines i el seu ambient singular. Esta ruta proposa un recorregut pels racons m\u00e9s espectaculars d&#8217;este xicoteta illa [&hellip;]<\/p>\n","protected":false},"author":1,"featured_media":296877,"comment_status":"closed","ping_status":"closed","sticky":false,"template":"","format":"standard","meta":{"_acf_changed":false,"footnotes":""},"categories":[699],"tags":[],"class_list":["post-312581","post","type-post","status-publish","format-standard","has-post-thumbnail","hentry","category-sense-categoritzar"],"acf":[],"_links":{"self":[{"href":"https:\/\/alicanteturismo.com\/ca\/wp-json\/wp\/v2\/posts\/312581","targetHints":{"allow":["GET"]}}],"collection":[{"href":"https:\/\/alicanteturismo.com\/ca\/wp-json\/wp\/v2\/posts"}],"about":[{"href":"https:\/\/alicanteturismo.com\/ca\/wp-json\/wp\/v2\/types\/post"}],"author":[{"embeddable":true,"href":"https:\/\/alicanteturismo.com\/ca\/wp-json\/wp\/v2\/users\/1"}],"replies":[{"embeddable":true,"href":"https:\/\/alicanteturismo.com\/ca\/wp-json\/wp\/v2\/comments?post=312581"}],"version-history":[{"count":0,"href":"https:\/\/alicanteturismo.com\/ca\/wp-json\/wp\/v2\/posts\/312581\/revisions"}],"wp:featuredmedia":[{"embeddable":true,"href":"https:\/\/alicanteturismo.com\/ca\/wp-json\/wp\/v2\/media\/296877"}],"wp:attachment":[{"href":"https:\/\/alicanteturismo.com\/ca\/wp-json\/wp\/v2\/media?parent=312581"}],"wp:term":[{"taxonomy":"category","embeddable":true,"href":"https:\/\/alicanteturismo.com\/ca\/wp-json\/wp\/v2\/categories?post=312581"},{"taxonomy":"post_tag","embeddable":true,"href":"https:\/\/alicanteturismo.com\/ca\/wp-json\/wp\/v2\/tags?post=312581"}],"curies":[{"name":"wp","href":"https:\/\/api.w.org\/{rel}","templated":true}]}}