{"id":306491,"date":"2025-04-23T16:48:17","date_gmt":"2025-04-23T14:48:17","guid":{"rendered":"https:\/\/alicanteturismo.com\/?post_type=noticias&#038;p=306491"},"modified":"2025-04-23T16:48:19","modified_gmt":"2025-04-23T14:48:19","slug":"fashion-cinema-homenajea-a-paco-delgado-y-propone-tres-exposiciones-y-dos-mesas-redondas","status":"publish","type":"noticias","link":"https:\/\/alicanteturismo.com\/ca\/noticias\/fashion-cinema-homenajea-a-paco-delgado-y-propone-tres-exposiciones-y-dos-mesas-redondas\/","title":{"rendered":"Fashion Cinema homenajea a Paco Delgado y propone tres exposiciones y dos mesas redondas"},"content":{"rendered":"\n<p class=\"has-text-align-center\">La III edici\u00f3n de la secci\u00f3n de moda del Festival de Cine de Alicante se celebra en el MACA con actividades entre el 20 y el 23 de mayo y la proyecci\u00f3n de \u201cLa chica danesa\u201d<\/p>\n\n\n\n<p>Poquet destaca \u201cel nivel de Fashion Cinema este a\u00f1o que nos permite adentrarnos en el mundo de la moda y el vestuario, fundamentales para transmitir la atm\u00f3sfera y las emociones, y alineado con nuestra estrategia tur\u00edstica\u201d<\/p>\n\n\n\n<p><strong>Alicante, 23 de abril de 2025.<\/strong> La tercera edici\u00f3n de Fashion Cinema, la secci\u00f3n del Festival de Cine de Alicante dedicada a la <strong>moda <\/strong>y el <strong>vestuario de cine<\/strong>, homenajea al reconocido dise\u00f1ador <strong>Paco Delgado<\/strong> y propone tres exposiciones, dos mesas redondas y una masterclass adem\u00e1s de la proyecci\u00f3n de la pel\u00edcula \u201cLa chica danesa\u201d.<\/p>\n\n\n\n<p>La concejala de Turismo, <strong>Ana Poquet<\/strong>, el director del Festival de Cine de Alicante, <strong>Vicente Seva<\/strong>, y la coordinadora de Fashion Cinema, <strong>Rosario Pu\u00f1ales<\/strong>, han presentado este mi\u00e9rcoles la programaci\u00f3n de Fashion Cinema que se celebrar\u00e1 en el <strong>Museo de Arte Contempor\u00e1neo de Alicante<\/strong> MACA.<\/p>\n\n\n\n<p>Poquet ha destacado \u201cel nivel de Fashion Cinema este a\u00f1o que nos permite adentrarnos en el mundo de la moda y el vestuario, fundamentales para transmitir la atm\u00f3sfera y las emociones dentro de cualquier producci\u00f3n, y que nos hace so\u00f1ar cuando despliega toda su creatividad\u201d. \u201cAdem\u00e1s, un a\u00f1o m\u00e1s Fashion Cinema consigue reunir a personajes muy destacados e interesantes de este \u00e1mbito de quienes podemos aprender los entresijos de la creaci\u00f3n del vestuario como Paco Delgado y representantes de la industria zapatera de nuestra provincia mediante charlas y exposiciones\u201d, ha explicado la edil. \u201cPor ello, desde el Patronato de Turismo Alicante City&amp;Beach reafirmamos nuestro apoyo al Festival de Cine de Alicante y a sus diferentes secciones, alineadas con la estrategia tur\u00edstica de la ciudad que potencia el turismo de pantalla\u201d, ha indicado Poquet.<\/p>\n\n\n\n<p>El programa servir\u00e1 como escaparate para explorar el <strong>legado <\/strong>y la <strong>influencia <\/strong>del reconocido dise\u00f1ador de vestuario Paco Delgado, nominado al <strong>Oscar <\/strong>y al <strong>Bafta <\/strong>y <strong>ganador <\/strong>de un <strong>Goya<\/strong>, a trav\u00e9s de exposiciones y actividades interactivas que permitir\u00e1n conocer m\u00e1s de cerca su <strong>proceso creativo<\/strong> y su impacto en el cine contempor\u00e1neo. Las actividades se desarrollar\u00e1n entre el<strong> 20 y el 23 de mayo<\/strong>, mientras que las exposiciones se podr\u00e1n visitar hasta el <strong>1 de junio.<\/strong><\/p>\n\n\n\n<p>Seva ha se\u00f1alado que \u201cesta es una secci\u00f3n que permite dar visibilidad a la labor del vestuario en el cine. Esta edici\u00f3n, con la colaboraci\u00f3n de grandes nombres del cine, la moda y el calzado, nos permite seguir apostando por una parte fundamental del proceso creativo cinematogr\u00e1fico. Estamos orgullosos de contar con la participaci\u00f3n de Paco Delgado, uno de los dise\u00f1adores m\u00e1s reconocidos en la industria, y de mostrar al p\u00fablico su impresionante trabajo\u201d.<\/p>\n\n\n\n<p>Rosario Pu\u00f1ales ha manifestado que \u201cestamos encantados de poder llevar a cabo esta nueva edici\u00f3n de Fashion Cinema. Este a\u00f1o, rendir homenaje a Paco Delgado es una manera de destacar el trabajo minucioso y art\u00edstico que realiza para dar vida a los personajes a trav\u00e9s del vestuario. La respuesta del p\u00fablico y de los profesionales del sector ha sido incre\u00edble y esperamos que esta edici\u00f3n sea a\u00fan m\u00e1s exitosa que la anterior\u201d.<\/p>\n\n\n\n<p><strong>Programa<\/strong><\/p>\n\n\n\n<p>Dentro de la programaci\u00f3n de Fashion Cinema se llevar\u00e1n a cabo <strong>tres exposiciones<\/strong> en el MACA. La primera de ellas, titulada <strong>\u201cHuellas de cine\u201d<\/strong>, rinde homenaje a Paco Delgado y a su destacado trabajo en pel\u00edculas como <strong>\u201cLos Miserables\u201d<\/strong>, <strong>\u201cLa Chica Danesa\u201d<\/strong> y <strong>\u201cBlancanieves\u201d<\/strong>. Esta muestra, que cuenta con la colaboraci\u00f3n del Museo del Calzado de Elda, presenta una colecci\u00f3n de zapatos inspirados en sus pel\u00edculas m\u00e1s ic\u00f3nicas, mostrando c\u00f3mo el calzado tambi\u00e9n cuenta historias en la gran pantalla.<\/p>\n\n\n\n<p>La segunda exposici\u00f3n, <strong>\u201cDe la Pantalla al Maniqu\u00ed\u201d<\/strong> incluye tres vestidos inspirados en las creaciones de Paco Delgado para las pel\u00edculas mencionadas. Estos vestidos, elaborados por <strong>Tatiana Furukina<\/strong>, directora de la escuela Art Costura, dan vida a los personajes de las pel\u00edculas, invitando a los asistentes a un recorrido textil por el arte de contar <strong>historias <\/strong>a trav\u00e9s del vestuario.<\/p>\n\n\n\n<p>La tercera muestra, \u201cPaco Delgado: <strong><strong>\u201c<\/strong>El trazo del personaje\u201d<\/strong> permite a los visitantes adentrarse en el proceso creativo del dise\u00f1ador a trav\u00e9s de sus <strong>bocetos<\/strong>. La exposici\u00f3n, realizada por los alumnos del IES El Pla, revela c\u00f3mo el dibujo y el color se convierten en elementos clave para la construcci\u00f3n de los personajes y las emociones que transmiten en la pantalla.<\/p>\n\n\n\n<p>Las actividades de Fashion Cinema comenzar\u00e1n el martes <strong>20 de mayo<\/strong> a las <strong>18 horas<\/strong> con la mesa redonda <strong>&#8220;Vestir el cine: Mirada desde estilismo, t\u00e9cnica y la huella de las marcas de moda&#8221;<\/strong>. En ella se abordar\u00e1 el vestuario cinematogr\u00e1fico desde varias perspectivas, la labor del <strong>estilismo<\/strong>, los aspectos <strong>t\u00e9cnicos <\/strong>detr\u00e1s de cada prenda y la influencia de las <strong>marcas <\/strong>de moda en la pantalla. Participar\u00e1n destacados profesionales del sector como <strong>Natalia Bengoechea<\/strong>, estilista y desarrolladora de proyectos de moda; <strong>Alejandro Navas<\/strong>, t\u00e9cnico audiovisual de vestuario; y <strong>Jos\u00e9 Antonio Molla<\/strong>, fundador y CEO de marcas de moda y calzado. La mesa ser\u00e1 moderada por <strong>Manuela Laguna<\/strong>, directora de la agencia de comunicaci\u00f3n de moda Manela Laguna.<\/p>\n\n\n\n<p>El mi\u00e9rcoles <strong>21 de mayo <\/strong>a las <strong>18 horas<\/strong> se celebrar\u00e1 la masterclass <strong>&#8220;La influencia del vestuario: &#8216;El poder de la imagen personal&#8217;\u201d<\/strong>. La dise\u00f1adora <strong>Darsy <\/strong>explorar\u00e1 c\u00f3mo el <strong>vestuario <\/strong>puede influir en la <strong>construcci\u00f3n <\/strong>de la imagen personal y en la forma en que nos <strong>comunicamos <\/strong>con el mundo. La clase abordar\u00e1 el poder del dise\u00f1o para contar historias, definir identidades y transformar percepciones.<\/p>\n\n\n\n<p>El jueves <strong>22 de mayo<\/strong>, a las <strong>18 horas<\/strong>, ser\u00e1 el turno de la mesa redonda <strong>&#8220;Pisadas de autor: Creatividad, industria y cine en el mundo del calzado&#8221;.<\/strong> Este encuentro reunir\u00e1 a profesionales del dise\u00f1o y la fabricaci\u00f3n de <strong>calzado <\/strong>para hablar sobre el papel del calzado como objeto <strong>creativo<\/strong>, producto industrial y elemento <strong>narrativo <\/strong>en el cine. Intervendr\u00e1n <strong>Vicente Pastor<\/strong>, presidente de la Fundaci\u00f3n Ficia; <strong>Carmen Garc\u00eda<\/strong>, gerente de desarrollo de negocios de Chie Mihara; y <strong>Pepe Amat<\/strong>, director creativo de calzados Magrit. La mesa ser\u00e1 moderada por <strong>Andrea Pa\u00f1os<\/strong>, directora del Museo del Calzado de Elda.<\/p>\n\n\n\n<p>Las actividades de Fashion Cinema finalizar\u00e1n el viernes <strong>23 de mayo<\/strong> a las <strong>17.30 horas<\/strong> con la proyecci\u00f3n de la pel\u00edcula <strong>&#8220;La Chica Danesa&#8221;<\/strong>, por la que Paco Delgado fue nominado al Premio Oscar y al Premio Bafta por su dise\u00f1o de vestuario.<\/p>\n\n\n\n<p>El dise\u00f1ador Paco Delgado recibir\u00e1 el <strong>Premio Fashion Cinema<\/strong> durante la gala de clausura del Festival, que se celebrar\u00e1 el s\u00e1bado <strong>24 de mayo <\/strong>a las <strong>20 horas<\/strong> en el Teatro Principal de Alicante. Las entradas para la gala estar\u00e1n disponibles en <strong>festivaldealicante.com<\/strong>.<\/p>\n","protected":false},"featured_media":306492,"template":"","meta":{"_acf_changed":false},"categoria-de-noticia":[100,110,109,114],"class_list":["post-306491","noticias","type-noticias","status-publish","has-post-thumbnail","hentry","categoria-de-noticia-accesibilidad","categoria-de-noticia-castillo-de-santa-barbara","categoria-de-noticia-cultura-y-ocio","categoria-de-noticia-monumentos"],"acf":[],"_links":{"self":[{"href":"https:\/\/alicanteturismo.com\/ca\/wp-json\/wp\/v2\/noticias\/306491","targetHints":{"allow":["GET"]}}],"collection":[{"href":"https:\/\/alicanteturismo.com\/ca\/wp-json\/wp\/v2\/noticias"}],"about":[{"href":"https:\/\/alicanteturismo.com\/ca\/wp-json\/wp\/v2\/types\/noticias"}],"version-history":[{"count":0,"href":"https:\/\/alicanteturismo.com\/ca\/wp-json\/wp\/v2\/noticias\/306491\/revisions"}],"wp:featuredmedia":[{"embeddable":true,"href":"https:\/\/alicanteturismo.com\/ca\/wp-json\/wp\/v2\/media\/306492"}],"wp:attachment":[{"href":"https:\/\/alicanteturismo.com\/ca\/wp-json\/wp\/v2\/media?parent=306491"}],"wp:term":[{"taxonomy":"categoria-de-noticia","embeddable":true,"href":"https:\/\/alicanteturismo.com\/ca\/wp-json\/wp\/v2\/categoria-de-noticia?post=306491"}],"curies":[{"name":"wp","href":"https:\/\/api.w.org\/{rel}","templated":true}]}}