{"id":288232,"date":"2023-10-27T14:55:35","date_gmt":"2023-10-27T12:55:35","guid":{"rendered":"https:\/\/dev.alicanteturismo.com\/noticias\/edicte-bo-gastronomic-2023\/"},"modified":"2025-05-21T11:59:46","modified_gmt":"2025-05-21T09:59:46","slug":"edicte-bo-gastronomic-2023","status":"publish","type":"noticias","link":"https:\/\/alicanteturismo.com\/ca\/noticias\/edicte-bo-gastronomic-2023\/","title":{"rendered":"Edicte: Bo gastron\u00f2mic 2023"},"content":{"rendered":"<p>APROVACI\u00d3 DE LA CONVOCAT\u00d2RIA I BASES REGULADORES DEL PROGRAMA BO GASTRON\u00d2MIC ALACANT 2023 DEL MUNICIPI D&#8217;ALACANT PER INCENTIVAR ELS CONSUMS EN LA RESTAURACI\u00d3 DEL MUNICIPI I APROVACI\u00d3 DEL CONVENI DE COL\u00b7LABORACI\u00d3 ENTRE EL PATRONAT MUNICIPAL DE TURISME I PLATGES D&#8217;ALACANT I LA CAMBRA OFICIAL DE COMER\u00c7, IND\u00daSTRIA, SERVEIS I NAVEGACI\u00d3 D&#8217;ALACANT PER AL DESENVOLUPAMENT I EXECUCI\u00d3 DEL PROGRAMA BO GASTRON\u00d2MIC ALACANT 2023 I DE LA SUBVENCI\u00d3 VINCULADA AL CONVENI.<\/p>\n","protected":false},"featured_media":288233,"template":"","meta":{"_acf_changed":false},"categoria-de-noticia":[150,157],"class_list":["post-288232","noticias","type-noticias","status-publish","has-post-thumbnail","hentry","categoria-de-noticia-archivo-historico","categoria-de-noticia-subvenciones"],"acf":[],"_links":{"self":[{"href":"https:\/\/alicanteturismo.com\/ca\/wp-json\/wp\/v2\/noticias\/288232","targetHints":{"allow":["GET"]}}],"collection":[{"href":"https:\/\/alicanteturismo.com\/ca\/wp-json\/wp\/v2\/noticias"}],"about":[{"href":"https:\/\/alicanteturismo.com\/ca\/wp-json\/wp\/v2\/types\/noticias"}],"version-history":[{"count":0,"href":"https:\/\/alicanteturismo.com\/ca\/wp-json\/wp\/v2\/noticias\/288232\/revisions"}],"wp:featuredmedia":[{"embeddable":true,"href":"https:\/\/alicanteturismo.com\/ca\/wp-json\/wp\/v2\/media\/288233"}],"wp:attachment":[{"href":"https:\/\/alicanteturismo.com\/ca\/wp-json\/wp\/v2\/media?parent=288232"}],"wp:term":[{"taxonomy":"categoria-de-noticia","embeddable":true,"href":"https:\/\/alicanteturismo.com\/ca\/wp-json\/wp\/v2\/categoria-de-noticia?post=288232"}],"curies":[{"name":"wp","href":"https:\/\/api.w.org\/{rel}","templated":true}]}}