{"id":288131,"date":"2023-07-21T11:57:03","date_gmt":"2023-07-21T09:57:03","guid":{"rendered":"https:\/\/dev.alicanteturismo.com\/noticias\/anunci-de-convocatoria-i-bases-especifiques-per-cobrir-com-a-personal-laboral-fix-diverses-places-pel-torn-lliure-destabilitzacio-concurs-corresponents-a-loferta-docupacio-publica-2022-2023-5\/"},"modified":"2025-05-21T11:47:51","modified_gmt":"2025-05-21T09:47:51","slug":"anunci-de-convocatoria-i-bases-especifiques-per-cobrir-com-a-personal-laboral-fix-diverses-places-pel-torn-lliure-destabilitzacio-concurs-corresponents-a-loferta-docupacio-publica-2022-2023-5","status":"publish","type":"noticias","link":"https:\/\/alicanteturismo.com\/ca\/noticias\/anunci-de-convocatoria-i-bases-especifiques-per-cobrir-com-a-personal-laboral-fix-diverses-places-pel-torn-lliure-destabilitzacio-concurs-corresponents-a-loferta-docupacio-publica-2022-2023-5\/","title":{"rendered":"Anunci de convocat\u00f2ria i bases espec\u00edfiques per cobrir com a personal laboral fix diverses places pel torn lliure d&#8217;estabilitzaci\u00f3 concurs corresponents a l&#8217;oferta d&#8217;ocupaci\u00f3 p\u00fablica 2022.  [2023\/5920]"},"content":{"rendered":"<h3>Informaci\u00f3 de la convocat\u00f2ria: auxiliar de serveis diversos i platges (1 pla\u00e7a).<\/h3>\n<p><\/p>\n<ul>\n<li>Anunci al <a href=\"https:\/\/sede.diputacionalicante.es\/documentos\/EMERI\/OposicionOtras\/08744.pdf\" target=\"_blank\" rel=\"noopener\"><strong>BOP<\/strong><\/a><\/li>\n<li>Anunci al <strong><a href=\"https:\/\/dogv.gva.es\/datos\/2023\/06\/06\/pdf\/2023_5920.pdf\" target=\"_blank\" rel=\"noopener\">DOGV<\/a><\/strong><\/li>\n<li>Anunci al <strong><a href=\"https:\/\/www.boe.es\/diario_boe\/txt.php?id=BOE-A-2023-16860\" target=\"_blank\" rel=\"noopener\">BOE<\/a><\/strong><\/li>\n<\/ul>\n<p><\/p>\n<p>Aquest anunci ha estat publicat al <a href=\"https:\/\/www.boe.es\/diario_boe\/txt.php?id=BOE-A-2023-16860\" target=\"_blank\" rel=\"noopener\"><acronym title=\"Butllet\u00ed Oficial de la Prov\u00edncia\">BOE<\/acronym> (21\/07\/2023).<\/a><\/p>\n<p><\/p>\n<p><strong>FASE ACTUAL:<\/strong> Obertura del termini de presentaci\u00f3 d&#8217;inst\u00e0ncies<\/p>\n<p><\/p>\n<p><strong>TERMINI DE PRESENTACI\u00d3:<\/strong> el termini per presentar la inst\u00e0ncia de sol\u00b7licitud per participar en el proc\u00e9s selectiu compr\u00e9n des del <strong>24 de juliol del 2023<\/strong> fins al <strong>21 d&#8217;agost del 2023<\/strong><\/p>\n<p><\/p>\n<p><strong>Important<\/strong> : Juntament amb la inst\u00e0ncia caldr\u00e0 annexar l&#8217;arxiu de <strong>&#8220;AUTOBAREMACI\u00d3&#8221;<\/strong> degudament emplenat.<\/p>\n<p><\/p>\n<h3>EMPLENAR I REGISTRAR LA SOL\u00b7LICITUD<\/h3>\n<p><\/p>\n<p><strong>De forma telem\u00e0tica:<\/strong><\/p>\n<p><\/p>\n<p>\n<\/p>\n<p><\/p>\n\n<div style=\"height:40px\" aria-hidden=\"true\" class=\"wp-block-spacer\"><\/div>\n\n<div class=\"wp-block-buttons Botonesnoticias is-vertical is-content-justification-left is-layout-flex wp-container-core-buttons-is-layout-0c39fd5e wp-block-buttons-is-layout-flex\">\n<div class=\"wp-block-button has-custom-font-size is-style-fill\" style=\"font-size:1rem;font-style:normal;font-weight:500\"><a class=\"wp-block-button__link has-white-color has-text-color has-background has-link-color wp-element-button\" href=\"https:\/\/bpm.alicante.es\/OAC\/TramitadorExt.jsp?idioma=es&amp;texpcod=TU10&amp;useClave=true\" style=\"border-radius:25px;background-color:#002e6d\" target=\"_blank\" rel=\"noopener\">Acc\u00e9s al procediment<\/a><\/div>\n<\/div>\n\n<div style=\"height:30px\" aria-hidden=\"true\" class=\"wp-block-spacer\"><\/div>\n\n<h3 class=\"wp-block-heading\">Informaci\u00f3 complement\u00e0ria<\/h3>\n\n<ul class=\"wp-block-list\">\n<li><strong><a href=\"https:\/\/alicanteturismo.com\/wp-content\/uploads\/2023\/07\/BASES-GENERICAS-TURISMO-.pdf\" target=\"_blank\" rel=\"noreferrer noopener\">Bases gen\u00e9ricas de la convocatoria para cubrir plazas mediante el proceso de estabilizaci\u00f3n de empleo temporal.pdf<\/a><\/strong><\/li>\n\n\n\n<li><strong><a href=\"https:\/\/alicanteturismo.com\/wp-content\/uploads\/2023\/07\/BASES-ESPECIFICAS-ESTABILIZACION.AUXILIAR-DE-SERVICIOS-VARIOS-Y-PLAYAS.pdf\">Bases espec\u00edficas para cubrir una plaza de Auxiliar de Servicios Varios y Playas, turno libre estabilizaci\u00f3n.pdf<\/a><\/strong><\/li>\n\n\n\n<li><a href=\"https:\/\/alicanteturismo.com\/wp-content\/uploads\/2023\/07\/Autobaremacion-pmtp_.pdf\"><strong>Formulario de Autobaremaci\u00f3n.pdf<\/strong><\/a><\/li>\n<\/ul>\n\n<h3 class=\"wp-block-heading\">Informaci\u00f3 de les convocat\u00f2ries: informador tur\u00edstic (2 places).<\/h3>\n\n<ul class=\"wp-block-list\">\n<li>Anunci al <a href=\"https:\/\/sede.diputacionalicante.es\/documentos\/EMERI\/OposicionOtras\/08743.pdf\" target=\"_blank\" rel=\"noreferrer noopener\"><strong>BOP<\/strong><\/a><\/li>\n\n\n\n<li>Anunci al <strong><a href=\"https:\/\/dogv.gva.es\/datos\/2023\/06\/06\/pdf\/2023_5920.pdf\" target=\"_blank\" rel=\"noopener\">DOGV<\/a><\/strong><\/li>\n\n\n\n<li>Anunci al <strong><a href=\"https:\/\/www.boe.es\/diario_boe\/txt.php?id=BOE-A-2023-16860\" target=\"_blank\" rel=\"noopener\">BOE<\/a><\/strong><\/li>\n<\/ul>\n\n<p>Aquest anunci ha estat publicat al <a href=\"https:\/\/www.boe.es\/diario_boe\/txt.php?id=BOE-A-2023-16860\" target=\"_blank\" rel=\"noopener\">BOE (21\/07\/2023).<\/a><\/p>\n\n<p><strong>FASE ACTUAL:<\/strong> Obertura del termini de presentaci\u00f3 d&#8217;inst\u00e0ncies<\/p>\n\n<p><strong>TERMINI DE PRESENTACI\u00d3:<\/strong> el termini per presentar la inst\u00e0ncia de sol\u00b7licitud per participar en el proc\u00e9s selectiu compr\u00e9n des del <strong>24 de juliol del 2023<\/strong> fins al <strong>21 d&#8217;agost del 2023<\/strong><\/p>\n\n<p><strong>Important<\/strong>: Juntament amb la inst\u00e0ncia caldr\u00e0 annexar l&#8217;arxiu de <strong>&#8220;AUTOBAREMACI\u00d3&#8221;<\/strong> degudament emplenat.<\/p>\n\n<h3 class=\"wp-block-heading\">EMPLENAR I REGISTRAR LA SOL\u00b7LICITUD<\/h3>\n\n<p><strong>De forma telem\u00e0tica:<\/strong><\/p>\n\n<div style=\"height:40px\" aria-hidden=\"true\" class=\"wp-block-spacer\"><\/div>\n\n<div class=\"wp-block-buttons Botonesnoticias is-vertical is-content-justification-left is-layout-flex wp-container-core-buttons-is-layout-0c39fd5e wp-block-buttons-is-layout-flex\">\n<div class=\"wp-block-button has-custom-font-size is-style-fill\" style=\"font-size:1rem;font-style:normal;font-weight:500\"><a class=\"wp-block-button__link has-white-color has-text-color has-background has-link-color wp-element-button\" href=\"https:\/\/bpm.alicante.es\/OAC\/TramitadorExt.jsp?idioma=es&amp;texpcod=TU10&amp;useClave=true\" style=\"border-radius:25px;background-color:#002e6d\" target=\"_blank\" rel=\"noopener\">Acc\u00e9s al procediment<\/a><\/div>\n<\/div>\n\n<div style=\"height:30px\" aria-hidden=\"true\" class=\"wp-block-spacer\"><\/div>\n\n<p><strong>Informaci\u00f3 complement\u00e0ria<\/strong><\/p>\n\n<ul class=\"wp-block-list\">\n<li><strong><a href=\"https:\/\/alicanteturismo.com\/wp-content\/uploads\/2023\/07\/BASES-GENERICAS-TURISMO-.pdf\" target=\"_blank\" rel=\"noreferrer noopener\">Bases gen\u00e9ricas de la convocatoria para cubrir plazas mediante el proceso de estabilizaci\u00f3n de empleo temporal.pdf<\/a><\/strong><\/li>\n\n\n\n<li><a href=\"https:\/\/alicanteturismo.com\/wp-content\/uploads\/2023\/07\/BASES-ESPECIFICAS-ESTABILIZACION.-INFORMADOR-TURISTICO-1.pdf\" target=\"_blank\" rel=\"noreferrer noopener\"><strong>Bases espec\u00edficas para cubrir dos plazas de Informador Tur\u00edstico, turno libre estabilizaci\u00f3n.pdf<\/strong><\/a><\/li>\n\n\n\n<li><a href=\"https:\/\/alicanteturismo.com\/wp-content\/uploads\/2023\/07\/Autobaremacion-pmtp_.pdf\"><strong>Formulario de Autobaremaci\u00f3n.pdf<\/strong><\/a><\/li>\n<\/ul>\n","protected":false},"featured_media":288116,"template":"","meta":{"_acf_changed":false},"categoria-de-noticia":[153,155],"class_list":["post-288131","noticias","type-noticias","status-publish","has-post-thumbnail","hentry","categoria-de-noticia-notas-de-prensa","categoria-de-noticia-ofertas-de-empleo"],"acf":[],"_links":{"self":[{"href":"https:\/\/alicanteturismo.com\/ca\/wp-json\/wp\/v2\/noticias\/288131","targetHints":{"allow":["GET"]}}],"collection":[{"href":"https:\/\/alicanteturismo.com\/ca\/wp-json\/wp\/v2\/noticias"}],"about":[{"href":"https:\/\/alicanteturismo.com\/ca\/wp-json\/wp\/v2\/types\/noticias"}],"version-history":[{"count":0,"href":"https:\/\/alicanteturismo.com\/ca\/wp-json\/wp\/v2\/noticias\/288131\/revisions"}],"wp:featuredmedia":[{"embeddable":true,"href":"https:\/\/alicanteturismo.com\/ca\/wp-json\/wp\/v2\/media\/288116"}],"wp:attachment":[{"href":"https:\/\/alicanteturismo.com\/ca\/wp-json\/wp\/v2\/media?parent=288131"}],"wp:term":[{"taxonomy":"categoria-de-noticia","embeddable":true,"href":"https:\/\/alicanteturismo.com\/ca\/wp-json\/wp\/v2\/categoria-de-noticia?post=288131"}],"curies":[{"name":"wp","href":"https:\/\/api.w.org\/{rel}","templated":true}]}}