{"id":265579,"date":"2024-07-08T08:29:26","date_gmt":"2024-07-08T06:29:26","guid":{"rendered":"https:\/\/alicanteturismo.com\/?p=265579"},"modified":"2024-10-16T16:58:37","modified_gmt":"2024-10-16T14:58:37","slug":"alicante-lleva-cocina-a-oviedo-capital-espanola-de-la-gastronomia-para-tomar-el-relevo","status":"publish","type":"noticias","link":"https:\/\/alicanteturismo.com\/ca\/noticias\/alicante-lleva-cocina-a-oviedo-capital-espanola-de-la-gastronomia-para-tomar-el-relevo\/","title":{"rendered":"Alicante lleva cocina a Oviedo, \u201cCapital Espa\u00f1ola de la Gastronom\u00eda\u201d, para tomar el relevo"},"content":{"rendered":"<div id=\"i4t-id-s45j0zj76\" class=\"field field-name-field-noticias-entradilla field-type-text field-label-hidden\">\n<div class=\"field-items\">\n<div class=\"field-item even\">\n<p style=\"text-align: center;\">El Patronato de Turismo <strong>presenta<\/strong> el destino en la capital asturiana con la <strong>preparaci\u00f3n<\/strong> de un men\u00fa alicantino con arroces, y un \u201cnetworking\u201d para el sector y medios de comunicaci\u00f3n<\/p>\n<\/div>\n<\/div>\n<\/div>\n<div class=\"field field-name-field-imagen field-type-image field-label-hidden\">\n<div class=\"field-items\" style=\"text-align: center;\">El alcalde Alfredo Canteli recibe a Poquet y le traslada el \u201cmotor tur\u00edstico y econ\u00f3mico\u201d que supone la <strong>distinci\u00f3n gastron\u00f3mica<\/strong> para la ciudad<\/div>\n<\/div>\n<div class=\"field field-name-field-noticia-contenido field-type-text-with-summary field-label-hidden\">\n<div class=\"field-items\">\n<div class=\"field-item even\">\n<p><strong>Alicante, 4 de julio de 2024.<\/strong>\u00a0Alicante lleva su oferta culinaria a Oviedo, \u201cCapital Espa\u00f1ola de la Gastronom\u00eda\u201d, con el<strong> objetivo<\/strong> de tomar el relevo el a\u00f1o que viene. El Patronato de Turismo Alicante City&amp;Beach ha presentado el destino en la capital asturiana este jueves con un <strong>evento gastron\u00f3mico<\/strong> al que han asistido miembros de la corporaci\u00f3n ovetense, agentes del sector y medios de comunicaci\u00f3n.<\/p>\n<p>La concejala de Turismo, Ana Poquet, ha manifestado que \u201c<strong>estamos encantados<\/strong> de poder estar en Oviedo para presentar la oferta gastron\u00f3mica de Alicante junto con nuestras playas, cultura y ocio dentro de la diversificaci\u00f3n tur\u00edstica que tan bien est\u00e1 funcionando\u201d.<\/p>\n<p>\u201cEs un <strong>lujo<\/strong> poder conocer de primera mano la experiencia de la capital asturiana como <strong>\u2018Capital de la Gastronom\u00eda\u2019<\/strong> a la que esperamos tomar el relevo el a\u00f1o que viene\u201d, ha a\u00f1adido. Por ello, \u201cquiero agradecer especialmente al alcalde, Alfredo Canteli, y al equipo de Turismo de Oviedo su <strong>hospitalidad y generosidad,<\/strong> as\u00ed como las facilidades para poder realizar este evento en su ciudad\u201d, ha afirmado la edil.<\/p>\n<p>Poquet ha sido <strong>recibida<\/strong> en el Ayuntamiento de Oviedo por el alcalde, Alfredo Canteli, quien le ha trasladado \u201cc\u00f3mo ser \u2018Capital Espa\u00f1ola de la Gastronom\u00eda\u2019 est\u00e1 resultando ser un <strong>motor tur\u00edstico y econ\u00f3mico<\/strong> de primer nivel que est\u00e1 llenando de gente la ciudad\u201d. Y ha destacado \u201cel apoyo de los hosteleros, volcados con la capitalidad, organizando constantemente actividades variadas y men\u00fas especiales, lo que nos est\u00e1 permitiendo promocionar Oviedo como nunca antes\u201d, ha se\u00f1alado.<\/p>\n<p>Tras la recepci\u00f3n, ha tenido lugar la <strong>presentaci\u00f3n de destino y \u201cnetworking\u201d<\/strong> con agentes del sector y medios tur\u00edsticos especializados, en la que el concejal de Turismo de Oviedo, Alfredo Garc\u00eda Quintana, ejerci\u00f3 de anfitri\u00f3n. El edil anim\u00f3 a \u201cpreparar una buena candidatura para lograr el t\u00edtulo que actualmente ostenta Oviedo. Un <strong>proyecto ganador<\/strong> que desde que se obtuvo la designaci\u00f3n oficial en Fitur, ha generado ya un retorno importante tanto en n\u00famero de visitantes y pernoctaciones como en la visibilidad medi\u00e1tica del destino\u201d.<\/p>\n<p>Este evento est\u00e1 enmarcado en el plan de marketing anual del Patronato de Turismo Alicante City&amp;Beach, y se incluir\u00e1 en la candidatura de Alicante como Capital Gastron\u00f3mica en 2025. Por su parte, Oviedo<strong> tiene previsto<\/strong> programar pr\u00f3ximamente una presentaci\u00f3n de destino en Alicante con el apoyo del Ayuntamiento de Alicante y se <strong>estudiar\u00e1n nuevas colaboraciones<\/strong> entre los dos destinos con el fin de crear sinergias y una colaboraci\u00f3n continuada con la gastronom\u00eda como hilo conductor.<\/p>\n<p><strong>Men\u00fa alicantino<\/strong><\/p>\n<p>La <strong>presentaci\u00f3n gastron\u00f3mica<\/strong> ha contado con un men\u00fa a base de productos alicantinos en el que se han servido salazones, \u201ccoca amb tonyna\u201d, alcachofa confitada y dos variedades de arroces. Uno de secreto ib\u00e9rico con verduras, elaborado por Fernando Nieto, del restaurante La Vendimia, y otro meloso del senyoret, cocinado por \u00d3scar Cerd\u00e1, del Restaurante Gastrobar Jorge. Y de postre, una tartaleta con mousse de turr\u00f3n. Todo ello maridado con vinos DO Alicante.<\/p>\n<p>Esta presentaci\u00f3n <strong>la ha organizado<\/strong> el Patronato de Turismo Alicante City&amp;Beach con la colaboraci\u00f3n de L\u2019 Exquisit Mediterrani, marca gastron\u00f3mica de Turisme Comunitat Valenciana.<\/p>\n<\/div>\n<\/div>\n<\/div>\n","protected":false},"featured_media":265572,"template":"","meta":{"_acf_changed":false},"categoria-de-noticia":[153],"class_list":["post-265579","noticias","type-noticias","status-publish","has-post-thumbnail","hentry","categoria-de-noticia-notas-de-prensa"],"acf":[],"_links":{"self":[{"href":"https:\/\/alicanteturismo.com\/ca\/wp-json\/wp\/v2\/noticias\/265579","targetHints":{"allow":["GET"]}}],"collection":[{"href":"https:\/\/alicanteturismo.com\/ca\/wp-json\/wp\/v2\/noticias"}],"about":[{"href":"https:\/\/alicanteturismo.com\/ca\/wp-json\/wp\/v2\/types\/noticias"}],"version-history":[{"count":0,"href":"https:\/\/alicanteturismo.com\/ca\/wp-json\/wp\/v2\/noticias\/265579\/revisions"}],"wp:featuredmedia":[{"embeddable":true,"href":"https:\/\/alicanteturismo.com\/ca\/wp-json\/wp\/v2\/media\/265572"}],"wp:attachment":[{"href":"https:\/\/alicanteturismo.com\/ca\/wp-json\/wp\/v2\/media?parent=265579"}],"wp:term":[{"taxonomy":"categoria-de-noticia","embeddable":true,"href":"https:\/\/alicanteturismo.com\/ca\/wp-json\/wp\/v2\/categoria-de-noticia?post=265579"}],"curies":[{"name":"wp","href":"https:\/\/api.w.org\/{rel}","templated":true}]}}