{"id":262407,"date":"2024-02-29T14:32:44","date_gmt":"2024-02-29T13:32:44","guid":{"rendered":"https:\/\/www.alicanteturismo.com\/?p=262407"},"modified":"2024-10-16T17:14:44","modified_gmt":"2024-10-16T15:14:44","slug":"ana-poquet-preside-la-comision-de-innovacion-industria-comercio-y-turismo-de-la-fvmp","status":"publish","type":"noticias","link":"https:\/\/alicanteturismo.com\/ca\/noticias\/ana-poquet-preside-la-comision-de-innovacion-industria-comercio-y-turismo-de-la-fvmp\/","title":{"rendered":"Ana Poquet preside la comisi\u00f3n de Innovaci\u00f3n, Industria, Comercio y Turismo de la FVMP"},"content":{"rendered":"<p align=\"center\"><b>Fotonoticia<\/b><\/p>\n<p align=\"center\"><b>Alicante, 29 de febrero de 2024<\/b><\/p>\n<p class=\"x_elementToProof\" align=\"justify\"><b>La concejala de Turismo, Ana Poquet, ha sido nombrada presidenta de la comisi\u00f3n de Innovaci\u00f3n, Industria, Comercio y Turismo de la Federaci\u00f3n Valenciana de Municipios y Provincias (FVMP).<\/b>\u00a0Esta comisi\u00f3n es un foro esencial para tratar las preocupaciones y necesidades de los ayuntamientos en materia de Industria, Innovaci\u00f3n, Comercio y Turismo y, para Poquet, este nombramiento supone \u201cun reconocimiento al papel que juega nuestra ciudad en el Turismo de la Comunidad\u201d. En este sentido, ha destacado que \u201ces muy bueno para Alicante y debido en gran parte al excelente trabajo que hace el sector\u201d. Poquet se ha marcado como prioridad \u201ctrabajar para que todas las poblaciones de la Comunidad Valenciana se beneficien\u201d al tiempo que \u201cimpulsar nuestro principal motor econ\u00f3mico a trav\u00e9s de un foro en el que consensuar medidas y proyectos que estoy segura ser\u00e1 muy enriquecedor para todos\u201d.<\/p>\n<p align=\"justify\">El acto constitutivo de la comisi\u00f3n se celebr\u00f3 en la sede de la conselleria de Innovaci\u00f3n, Industria, Comercio y Turismo, presidida por la consellera Nuria Montes, y de la presidenta de la FVMP, Roc\u00edo Cort\u00e9s (alcaldesa de Requena), as\u00ed como del secretario general, Miguel Bailach, y el vicesecretario, Modesto Mart\u00ednez.<\/p>\n<p align=\"justify\">Junto a la presidenta, Ana Poquet, forman parte de la comisi\u00f3n Vicent Grimalt (D\u00e9nia), Nicolau Calabuig (Ontiyent), Mercedes Garc\u00eda (Vinaroz), Silvia Cerd\u00e1 (Onda) e Isabel Parra (Alc\u00e0sser).<\/p>\n<p style=\"text-align: center;\"><a href=\"https:\/\/alicanteturismo.com\/mejores-playas\/\"><strong>Descubre las mejores playas<\/strong><\/a><\/p>\n","protected":false},"featured_media":262408,"template":"","meta":{"_acf_changed":false},"categoria-de-noticia":[121,153],"class_list":["post-262407","noticias","type-noticias","status-publish","has-post-thumbnail","hentry","categoria-de-noticia-destacados","categoria-de-noticia-notas-de-prensa"],"acf":[],"_links":{"self":[{"href":"https:\/\/alicanteturismo.com\/ca\/wp-json\/wp\/v2\/noticias\/262407","targetHints":{"allow":["GET"]}}],"collection":[{"href":"https:\/\/alicanteturismo.com\/ca\/wp-json\/wp\/v2\/noticias"}],"about":[{"href":"https:\/\/alicanteturismo.com\/ca\/wp-json\/wp\/v2\/types\/noticias"}],"version-history":[{"count":0,"href":"https:\/\/alicanteturismo.com\/ca\/wp-json\/wp\/v2\/noticias\/262407\/revisions"}],"wp:featuredmedia":[{"embeddable":true,"href":"https:\/\/alicanteturismo.com\/ca\/wp-json\/wp\/v2\/media\/262408"}],"wp:attachment":[{"href":"https:\/\/alicanteturismo.com\/ca\/wp-json\/wp\/v2\/media?parent=262407"}],"wp:term":[{"taxonomy":"categoria-de-noticia","embeddable":true,"href":"https:\/\/alicanteturismo.com\/ca\/wp-json\/wp\/v2\/categoria-de-noticia?post=262407"}],"curies":[{"name":"wp","href":"https:\/\/api.w.org\/{rel}","templated":true}]}}